{"id":265257,"date":"2023-06-19T11:56:29","date_gmt":"2023-06-19T17:56:29","guid":{"rendered":"https:\/\/plazajuarez.mx\/?p=265257"},"modified":"2023-06-19T11:56:42","modified_gmt":"2023-06-19T17:56:42","slug":"diego-cocca-es-despedido-jaime-lozano-es-el-nuevo-dt-interino","status":"publish","type":"post","link":"https:\/\/plazajuarez.mx\/historico\/diego-cocca-es-despedido-jaime-lozano-es-el-nuevo-dt-interino\/","title":{"rendered":"Diego Cocca es despedido; Jaime Lozano es el nuevo DT interino"},"content":{"rendered":"\n<p>Juan Carlos Rodr\u00edguez ha dado un golpe de autoridad y ha decidido que Diego Cocca quede fuera de la Selecci\u00f3n Mexicana y tambi\u00e9n Rodrigo Ares de Parga.<br><br>Jaime Lozano ser\u00e1 quien dirija a M\u00e9xico en la Copa Oro de forma interina.<br><br>Mediante un mensaje transmitido por redes sociales, el comisionado presidente de la FMF no solo anunci\u00f3 el despido de Cocca y Ares de Parga, sino que adem\u00e1s critic\u00f3 la forma en que se dio la elecci\u00f3n del argentino.<br><br>&#8220;A menos de un mes de tomar la responsabilidad. No lo vamos a encontrar en donde estamos, he encontrado deficiencia en planeaci\u00f3n, log\u00edstica y falta de liderazgo y por eso he tomado la decisi\u00f3n de rescindir el contrato de Diego Mart\u00edn Cocca y su cuerpo t\u00e9cnico, as\u00ed como Rodrigo Ares de Parga&#8221;.<br><br>Y fue mucho m\u00e1s all\u00e1. &#8220;Perder contra Estados Unidos puede suceder, pero no como fue, se renunci\u00f3 a ganar con decisiones de log\u00edstica. Se perdi\u00f3 por falta de liderazgo fuera y dentro del campo y portar con profesionalismo la camiseta. No quiero no pensar que haya Sido cierto que jugadores se hayan querido bajar del barco&#8221;.<br><br>Critic\u00f3 la designaci\u00f3n de Cocca y Ares de Parga. &#8220;La toma de decisiones ha sido viciada desde el inicio, ha existido falta de rigor, una tormenta perfecta por las malas costumbres que hemos venido arrastrando.<br><br>El cambio se da ahora, &#8220;lo natural ser\u00eda esperar a que terminara la Copa Oro, as\u00ed que agradezco a Jimmy de coraz\u00f3n el tomar este reto. Los jugadores te quieren&#8221;.<br><br>Finaliz\u00f3 mandando un mensaje a los due\u00f1os de los clubes para terminar con el divisionismo. &#8220;A los due\u00f1os les quiero decir que se d\u00e9 su entusiasmo e inversi\u00f3n, pero eso ya no es suficiente. El futbol es m\u00e1s que un negocio y todos le hemos fallado a la afici\u00f3n&#8221;.<\/p>\n","protected":false},"excerpt":{"rendered":"<p>Juan Carlos Rodr\u00edguez ha dado un golpe de autoridad y ha decidido que Diego Cocca quede fuera de la Selecci\u00f3n Mexicana y tambi\u00e9n Rodrigo Ares de Parga. Jaime Lozano ser\u00e1 quien dirija a M\u00e9xico en la Copa Oro de forma interina. Mediante un mensaje transmitido por redes sociales, el comisionado presidente de la FMF no [&hellip;]<\/p>\n","protected":false},"author":81,"featured_media":265258,"comment_status":"closed","ping_status":"closed","sticky":false,"template":"","format":"standard","meta":{"footnotes":""},"categories":[39,15],"tags":[],"class_list":["post-265257","post","type-post","status-publish","format-standard","has-post-thumbnail","hentry","category-deportiva","category-destacadas"],"_links":{"self":[{"href":"https:\/\/plazajuarez.mx\/historico\/wp-json\/wp\/v2\/posts\/265257","targetHints":{"allow":["GET"]}}],"collection":[{"href":"https:\/\/plazajuarez.mx\/historico\/wp-json\/wp\/v2\/posts"}],"about":[{"href":"https:\/\/plazajuarez.mx\/historico\/wp-json\/wp\/v2\/types\/post"}],"author":[{"embeddable":true,"href":"https:\/\/plazajuarez.mx\/historico\/wp-json\/wp\/v2\/users\/81"}],"replies":[{"embeddable":true,"href":"https:\/\/plazajuarez.mx\/historico\/wp-json\/wp\/v2\/comments?post=265257"}],"version-history":[{"count":0,"href":"https:\/\/plazajuarez.mx\/historico\/wp-json\/wp\/v2\/posts\/265257\/revisions"}],"wp:featuredmedia":[{"embeddable":true,"href":"https:\/\/plazajuarez.mx\/historico\/wp-json\/wp\/v2\/media\/265258"}],"wp:attachment":[{"href":"https:\/\/plazajuarez.mx\/historico\/wp-json\/wp\/v2\/media?parent=265257"}],"wp:term":[{"taxonomy":"category","embeddable":true,"href":"https:\/\/plazajuarez.mx\/historico\/wp-json\/wp\/v2\/categories?post=265257"},{"taxonomy":"post_tag","embeddable":true,"href":"https:\/\/plazajuarez.mx\/historico\/wp-json\/wp\/v2\/tags?post=265257"}],"curies":[{"name":"wp","href":"https:\/\/api.w.org\/{rel}","templated":true}]}}