{"id":265254,"date":"2023-06-19T08:11:19","date_gmt":"2023-06-19T14:11:19","guid":{"rendered":"https:\/\/plazajuarez.mx\/?p=265254"},"modified":"2023-06-19T08:11:22","modified_gmt":"2023-06-19T14:11:22","slug":"tunden-a-peso-pluma-tras-cantar-corrido-tumbado-a-capela","status":"publish","type":"post","link":"https:\/\/plazajuarez.mx\/historico\/tunden-a-peso-pluma-tras-cantar-corrido-tumbado-a-capela\/","title":{"rendered":"Tunden a Peso Pluma tras cantar corrido tumbado a capela"},"content":{"rendered":"\n<p>Peso Pluma se ha coronado como uno de los cantantes mexicanos m\u00e1s cotizados de la actualidad. A sus 24 a\u00f1os sigue cosechando fans en todo el mundo, aunque ello tambi\u00e9n supone cr\u00edticas a su desempe\u00f1o musical.<\/p>\n\n\n\n<p>A pesar de que comenz\u00f3 su trayectoria en el 2020, no fue hasta 2023 que &#8220;Doble P&#8221; se dio a conocer con el tema &#8220;Ella Baila Sola&#8221; en colaboraci\u00f3n con Eslab\u00f3n Armado. Con la pista escal\u00f3 a las listas de reproducci\u00f3n de Spotify y YouTube.<\/p>\n\n\n\n<p>Lo anterior lo llev\u00f3 a codearse con celebridades de talla internacional y a experimentar con diferentes ritmos musicales. Becky G, Junior H y Natanael Cano son algunos de sus duetos m\u00e1s sonados.<\/p>\n\n\n\n<p>Recientemente, el cantante se viraliz\u00f3 en redes sociales tras cantar a capela el tema &#8220;VVS&#8221;, el cual grab\u00f3 junto a Edgardo N\u00fa\u00f1ez y Dareyes de la Sierra. Aunque el resultado no fue el que esperaban sus fans.<\/p>\n\n\n\n<p>No es la primera vez que Peso Pluma muestra su voz real sin autotune. Sin embargo, dada su arrolladora fama, todav\u00eda hay quienes se sorprenden al escucharlo cantar sin producci\u00f3n ni filtros.<\/p>\n\n\n\n<p>Por medio de Instagram se difundi\u00f3 un clip del int\u00e9rprete de &#8220;El belicon&#8221; en el estudio de grabaci\u00f3n. El l\u00edder de los corridos tumbados core\u00f3 algunas estrofas del tema &#8220;VVS&#8221; y la reacci\u00f3n de sus seguidores no se hizo esperar.<\/p>\n\n\n\n<p>&#8220;No no no, pobrecito \u00bfqui\u00e9n le dijo que cantaba?&#8221;, &#8220;\u00bfEso es cantar?&#8221;, &#8220;Vicente Fern\u00e1ndez se revuelva en su tumba&#8221;, &#8220;Qu\u00e9 gachote canta, pero como me cae bien&#8221;, &#8220;Qu\u00e9 bajo ha ca\u00eddo la m\u00fasica&#8221;, se\u00f1alaron internautas.<\/p>\n\n\n\n<p>Por otra parte, los fans de hueso colorado de Peso Pluma lo defendieron. &#8220;La voz que tanto critican es la voz que lo puso en el No. 1 de Billboard&#8221;, &#8220;Precisamente por esa voz es que llego tan r\u00e1pido al \u00e9xito&#8221;, &#8220;Lo que \u00e9l tiene es una voz aut\u00e9ntica, es \u00fanica y eso marca la diferencia&#8221;, se lee en el post.<\/p>\n\n\n\n<p>A pesar de las cr\u00edticas que ha enfrentado en su corta trayectoria, Peso Pluma contin\u00faa trabajando en nuevos proyectos musicales. La semana pasada anunci\u00f3 el estreno de su \u00e1lbum &#8220;G\u00e9nesis&#8221; en plataformas digitales.<\/p>\n\n\n\n<p>El material discogr\u00e1fico ser\u00e1 lanzado el pr\u00f3ximo 22 de junio de 2023 a las 18:00 horas de M\u00e9xico.<\/p>\n","protected":false},"excerpt":{"rendered":"<p>Peso Pluma se ha coronado como uno de los cantantes mexicanos m\u00e1s cotizados de la actualidad. A sus 24 a\u00f1os sigue cosechando fans en todo el mundo, aunque ello tambi\u00e9n supone cr\u00edticas a su desempe\u00f1o musical. A pesar de que comenz\u00f3 su trayectoria en el 2020, no fue hasta 2023 que &#8220;Doble P&#8221; se dio [&hellip;]<\/p>\n","protected":false},"author":81,"featured_media":265041,"comment_status":"closed","ping_status":"closed","sticky":false,"template":"","format":"standard","meta":{"footnotes":""},"categories":[38,2166],"tags":[],"class_list":["post-265254","post","type-post","status-publish","format-standard","has-post-thumbnail","hentry","category-show","category-viral"],"_links":{"self":[{"href":"https:\/\/plazajuarez.mx\/historico\/wp-json\/wp\/v2\/posts\/265254","targetHints":{"allow":["GET"]}}],"collection":[{"href":"https:\/\/plazajuarez.mx\/historico\/wp-json\/wp\/v2\/posts"}],"about":[{"href":"https:\/\/plazajuarez.mx\/historico\/wp-json\/wp\/v2\/types\/post"}],"author":[{"embeddable":true,"href":"https:\/\/plazajuarez.mx\/historico\/wp-json\/wp\/v2\/users\/81"}],"replies":[{"embeddable":true,"href":"https:\/\/plazajuarez.mx\/historico\/wp-json\/wp\/v2\/comments?post=265254"}],"version-history":[{"count":0,"href":"https:\/\/plazajuarez.mx\/historico\/wp-json\/wp\/v2\/posts\/265254\/revisions"}],"wp:featuredmedia":[{"embeddable":true,"href":"https:\/\/plazajuarez.mx\/historico\/wp-json\/wp\/v2\/media\/265041"}],"wp:attachment":[{"href":"https:\/\/plazajuarez.mx\/historico\/wp-json\/wp\/v2\/media?parent=265254"}],"wp:term":[{"taxonomy":"category","embeddable":true,"href":"https:\/\/plazajuarez.mx\/historico\/wp-json\/wp\/v2\/categories?post=265254"},{"taxonomy":"post_tag","embeddable":true,"href":"https:\/\/plazajuarez.mx\/historico\/wp-json\/wp\/v2\/tags?post=265254"}],"curies":[{"name":"wp","href":"https:\/\/api.w.org\/{rel}","templated":true}]}}