{"id":265233,"date":"2023-06-19T07:52:29","date_gmt":"2023-06-19T13:52:29","guid":{"rendered":"https:\/\/plazajuarez.mx\/?p=265233"},"modified":"2023-06-19T07:52:34","modified_gmt":"2023-06-19T13:52:34","slug":"el-museo-memoria-y-tolerancia-de-mexico-presenta-una-exposicion-en-recuerdo-de-ana-frank","status":"publish","type":"post","link":"https:\/\/plazajuarez.mx\/historico\/el-museo-memoria-y-tolerancia-de-mexico-presenta-una-exposicion-en-recuerdo-de-ana-frank\/","title":{"rendered":"El museo Memoria y Tolerancia de M\u00e9xico presenta una exposici\u00f3n en recuerdo de Ana Frank"},"content":{"rendered":"\n<p>El museo Memoria y Tolerancia, en Ciudad de M\u00e9xico, abre sus puertas a una exposici\u00f3n para preservar la valent\u00eda y la esperanza que Ana Frank simboliza, recordando su legado y promoviendo la tolerancia en la sociedad actual.<\/p>\n\n\n\n<p>&#8220;El principal objetivo es traer al presente el legado de Ana Frank, destacando a las personas que arriesgaron sus vidas para apoyar a su familia. Es una lecci\u00f3n que nos advierte sobre la peligrosa indiferencia, una invitaci\u00f3n a mirar a los dem\u00e1s, apoyarlos y comprometernos con ellos., destac\u00f3 Linda Atach, directora de exposiciones temporales del museo.<\/p>\n\n\n\n<p>La exposici\u00f3n, que durar\u00e1 hasta mayo de 2024, es el \u00fanico proyecto que han autorizado fuera de Pa\u00edses Bajos, en colaboraci\u00f3n con la casa de Ana Frank (\u00c1msterdam), con m\u00e1s de 160 im\u00e1genes provenientes de la colecci\u00f3n.<\/p>\n\n\n\n<p>&#8220;Con esta cooperaci\u00f3n vamos a contar su historia y sentir el sitio donde vivi\u00f3 escondida por 761 d\u00edas, replicando los valores de la Casa de Ana Frank&#8221;, remarc\u00f3 Atach.<\/p>\n\n\n\n<p>La exposici\u00f3n nos sumerge en la tr\u00e1gica y conmovedora historia de Ana Frank, comenzando por conocer sus or\u00edgenes para luego adentrarnos en un armario que revela &#8220;la casa de atr\u00e1s&#8221;, una representaci\u00f3n del escondite a escala real donde vivi\u00f3 con su familia, la familia van Pels y el dentista Fritz Pfeffer para conocer en qu\u00e9 condiciones viv\u00edan.<\/p>\n\n\n\n<p>La muestra no solo resalta la vida de Ana Frank, sino que tambi\u00e9n proporciona un contexto hist\u00f3rico para comprender mejor los acontecimientos que llevaron al Holocausto y la persecuci\u00f3n de millones de personas y que mediante testimonios y recursos interactivos, los visitantes podr\u00e1n reflexionar sobre la importancia de la memoria hist\u00f3rica y promover la construcci\u00f3n de un mundo m\u00e1s inclusivo y compasivo.<\/p>\n\n\n\n<p>La directora de exposiciones temporales aclar\u00f3 que en esta exposici\u00f3n quieren contar lo que le sucedi\u00f3 a Ana Frank, que debido al r\u00e9gimen pol\u00edtico de Hitler, personas jud\u00edas, de color, con discapacidad y homosexuales, entre otros, fueron perseguidos.<\/p>\n\n\n\n<p>&#8220;Ana era una cin\u00e9fila empedernida, era divertida y rebelde. Si uno lee el diario se da cuenta de c\u00f3mo ella, aun siendo peque\u00f1a, era una int\u00e9rprete de la naturaleza humana&#8221;, destac\u00f3 la directora.<\/p>\n\n\n\n<p>Tambi\u00e9n, se destacan y resaltan aspectos poco conocidos de la vida de Ana Frank, como una sala en particular llamada &#8220;Ana por s\u00ed misma&#8221;, rindiendo homenaje a su legado al resaltar, no solo sus frases m\u00e1s reconocidas, sino tambi\u00e9n aquellas menos conocidas, permitiendo vislumbrar a la joven tal y como era en la realidad.<\/p>\n\n\n\n<p>&#8220;No a la indiferencia&#8221;. La poderosa declaraci\u00f3n de Atach recuerda que &#8220;no podemos permanecer impasibles&#8221; frente a las diversas situaciones que se presentan en el mundo actual, ya sea con relaci\u00f3n a la comunidad LGTBQ+ o a los migrantes, entre otros.<\/p>\n","protected":false},"excerpt":{"rendered":"<p>El museo Memoria y Tolerancia, en Ciudad de M\u00e9xico, abre sus puertas a una exposici\u00f3n para preservar la valent\u00eda y la esperanza que Ana Frank simboliza, recordando su legado y promoviendo la tolerancia en la sociedad actual. &#8220;El principal objetivo es traer al presente el legado de Ana Frank, destacando a las personas que arriesgaron [&hellip;]<\/p>\n","protected":false},"author":80,"featured_media":265234,"comment_status":"closed","ping_status":"closed","sticky":false,"template":"","format":"standard","meta":{"footnotes":""},"categories":[41,36],"tags":[],"class_list":["post-265233","post","type-post","status-publish","format-standard","has-post-thumbnail","hentry","category-arteria-cultural","category-nacion"],"_links":{"self":[{"href":"https:\/\/plazajuarez.mx\/historico\/wp-json\/wp\/v2\/posts\/265233","targetHints":{"allow":["GET"]}}],"collection":[{"href":"https:\/\/plazajuarez.mx\/historico\/wp-json\/wp\/v2\/posts"}],"about":[{"href":"https:\/\/plazajuarez.mx\/historico\/wp-json\/wp\/v2\/types\/post"}],"author":[{"embeddable":true,"href":"https:\/\/plazajuarez.mx\/historico\/wp-json\/wp\/v2\/users\/80"}],"replies":[{"embeddable":true,"href":"https:\/\/plazajuarez.mx\/historico\/wp-json\/wp\/v2\/comments?post=265233"}],"version-history":[{"count":0,"href":"https:\/\/plazajuarez.mx\/historico\/wp-json\/wp\/v2\/posts\/265233\/revisions"}],"wp:featuredmedia":[{"embeddable":true,"href":"https:\/\/plazajuarez.mx\/historico\/wp-json\/wp\/v2\/media\/265234"}],"wp:attachment":[{"href":"https:\/\/plazajuarez.mx\/historico\/wp-json\/wp\/v2\/media?parent=265233"}],"wp:term":[{"taxonomy":"category","embeddable":true,"href":"https:\/\/plazajuarez.mx\/historico\/wp-json\/wp\/v2\/categories?post=265233"},{"taxonomy":"post_tag","embeddable":true,"href":"https:\/\/plazajuarez.mx\/historico\/wp-json\/wp\/v2\/tags?post=265233"}],"curies":[{"name":"wp","href":"https:\/\/api.w.org\/{rel}","templated":true}]}}