{"id":265230,"date":"2023-06-19T07:48:40","date_gmt":"2023-06-19T13:48:40","guid":{"rendered":"https:\/\/plazajuarez.mx\/?p=265230"},"modified":"2023-06-19T07:48:44","modified_gmt":"2023-06-19T13:48:44","slug":"la-ciudad-de-mexico-convertida-en-la-capital-de-la-trata-de-mujeres","status":"publish","type":"post","link":"https:\/\/plazajuarez.mx\/historico\/la-ciudad-de-mexico-convertida-en-la-capital-de-la-trata-de-mujeres\/","title":{"rendered":"La Ciudad de M\u00e9xico, convertida\u00a0en la capital de la trata de mujeres"},"content":{"rendered":"\n<p>Mariela sali\u00f3 de su casa con uniforme escolar pero no lleg\u00f3 a sus clases de secundaria. Su familia report\u00f3 la desaparici\u00f3n e iniciaron su b\u00fasqueda. La localizaron con vida 65 d\u00edas despu\u00e9s en una alcald\u00eda de la Ciudad de M\u00e9xico. Ten\u00eda signos de violencia. Creen que fue v\u00edctima de trata con fines de explotaci\u00f3n sexual.<\/p>\n\n\n\n<p>La menor de 13 a\u00f1os subi\u00f3 a una combi para llegar a una estaci\u00f3n del Metro y fue cuando se le perdi\u00f3 el rastro. La familia de Mariela solicit\u00f3 que se investigara a un hombre que recurrentemente acosaba a la ni\u00f1a, pero las autoridades no priorizaron esa l\u00ednea de investigaci\u00f3n.<\/p>\n\n\n\n<p>Activistas que acompa\u00f1an el caso mencionan que la menor fue drogada y alcoholizada el tiempo que estuvo separada de su familia. Ella posee recuerdos nublados de los lugares en los que estuvo, pero tiene memoria del dolor y su cuerpo evidencia.<\/p>\n\n\n\n<p>Mariela es un nombre diferente al real que se us\u00f3 en este reportaje para proteger la identidad de la menor. El agresor y acosador de 46 a\u00f1os fue detenido, pero aleg\u00f3 tener una relaci\u00f3n consensual con la ni\u00f1a. Lo acusaron de violaci\u00f3n. La defensa de la v\u00edctima apela para que se reconozca el delito de trata de personas por la explotaci\u00f3n sexual que sufri\u00f3 Mariela, pero en el proceso de b\u00fasqueda de justicia se han encontrado con la negativa de accionar con debida diligencia y perspectiva de g\u00e9nero; de investigar y sancionar la trata.<\/p>\n\n\n\n<p>Las denuncias por posible trata de personas en la Ciudad de M\u00e9xico son cada d\u00eda m\u00e1s visibles: Mar\u00eda \u00c1ngela desapareci\u00f3 el 19 de enero de 2023 en Indios Verdes y fue encontrada con vida tres d\u00edas despu\u00e9s en Ciudad Nezahualc\u00f3yotl. Ana Arizbeth Soto, mejor conocida como la rapera Inof, desapareci\u00f3 el 8 de abril de 2023 en \u00c1lvaro Obreg\u00f3n y siete d\u00edas m\u00e1s tarde fue rescatada y localizada con vida en la alcald\u00eda Gustavo A. Madero. Ambas ten\u00edan signos de violencia en sus cuerpos, pero la fiscal\u00eda capitalina calific\u00f3 la ausencia de las j\u00f3venes como &#8220;voluntaria&#8221; y neg\u00f3 que fueran v\u00edctimas de delito. La versi\u00f3n de la autoridad es distinta a los testimonios de sus amigos y familiares: se\u00f1alan que las ausencias no fueron voluntarias.<\/p>\n\n\n\n<p>Del 1 de enero de 2018 al primer trimestre de este 2023, se iniciaron mil 119 carpetas de investigaci\u00f3n por trata de personas en la Ciudad de M\u00e9xico, lo que coloca a la capital en el primer lugar de este delito en el pa\u00eds, de acuerdo con un comparativo de solicitudes de transparencia hecho para este reportaje. Se solicit\u00f3 informaci\u00f3n a las 32 fiscal\u00edas de M\u00e9xico. Las modalidades de trata que se tienen registradas son explotaci\u00f3n sexual, explotaci\u00f3n laboral y pornograf\u00eda infantil.<\/p>\n\n\n\n<p>Por cantidad de casos, despu\u00e9s de la Ciudad de M\u00e9xico le siguen el Estado de M\u00e9xico, con 662 carpetas de investigaci\u00f3n; Nuevo Le\u00f3n, con 284; Baja California, 242; Chihuahua, con 172; Puebla, 150; Quintana Roo, 135; Tlaxcala, 42, y Tamaulipas, 28.<\/p>\n\n\n\n<p>El 2020 fue el a\u00f1o con m\u00e1s expedientes por este delito y con mayor n\u00famero de v\u00edctimas en la CDMX: se abrieron 323 carpetas de investigaci\u00f3n; 80 por ciento mujeres.<\/p>\n\n\n\n<p>Activistas contra la trata advierten que la cifra negra es dif\u00edcil de estimar, sobre todo cuando las instituciones ocultan o desestiman los casos. Acusan que el registro del delito ha disminuido, no as\u00ed la cantidad de v\u00edctimas.<\/p>\n\n\n\n<p>Los datos del Secretariado Ejecutivo del Sistema Nacional de Seguridad P\u00fablica (SESNSP) sobre trata en la Ciudad de M\u00e9xico muestran una cantidad menor a la reportada por la fiscal\u00eda.<\/p>\n\n\n\n<p>Se solicit\u00f3 entrevista con la Fiscal\u00eda de Investigaci\u00f3n de los Delitos en Materia de Trata de Personas de la Ciudad de M\u00e9xico, la Secretar\u00eda de Seguridad Ciudadana (SSC) y la Fiscal\u00eda General de Justicia (FGJ) capitalina, pero no hubo respuesta.<\/p>\n\n\n\n<p><strong>&#8220;Puede ser que les caiga \u00e1cido&#8221;<\/strong><\/p>\n\n\n\n<p>Una joven ind\u00edgena del sur de Veracruz crey\u00f3 en las palabras de un hombre que le prometi\u00f3 amor y una familia. En su lugar recibi\u00f3 amenazas y maltratos con el fin de ser explotada sexualmente. En una consulta m\u00e9dica le implantaron un anticonceptivo subd\u00e9rmico y posteriormente fue prostituida en Puebla. Meses despu\u00e9s lleg\u00f3 a la Ciudad de M\u00e9xico, a las calles cercanas al Metro Merced, en la alcald\u00eda Cuauht\u00e9moc.<\/p>\n\n\n\n<p>La mujer no pod\u00eda articular palabras, sus captores le escribieron en el brazo derecho &#8220;270 cobro&#8221;. En el brazo izquierdo un n\u00famero telef\u00f3nico &#8220;por si se perd\u00eda&#8221;. Dos personas la vigilaban para que la explotaci\u00f3n se llevara a cabo.<\/p>\n\n\n\n<p>La Brigada Callejera de Apoyo a la Mujer Elisa Mart\u00ednez tuvo conocimiento de la situaci\u00f3n por las denuncias de trabajadoras sexuales que est\u00e1n al tanto de los casos de trata de personas en la zona. En junio de 2021 la organizaci\u00f3n moviliz\u00f3 un operativo de rescate y acompa\u00f1\u00f3 a la v\u00edctima a denunciar.<\/p>\n\n\n\n<p>Elvira Madrid, presidenta de Brigada Callejera, advierte de la revictimizaci\u00f3n que sufri\u00f3 la joven al intentar acceder a la justicia. Desestimaron el caso alegando que &#8220;padec\u00eda de sus facultades mentales&#8221; y que &#8220;no parec\u00eda que fuera obligada o estuviera encadenada&#8221;. \u00danicamente contactaron a los familiares para que se hicieran cargo de ella.<\/p>\n\n\n\n<p>&#8220;A partir de la pandemia vimos un aumento de 30 por ciento en los casos de trata, pero la fiscal\u00eda no quiere levantar las denuncias y esto ha orillado a que la gente se desanime en denunciar. Est\u00e1n coludidos. Aqu\u00ed hay un chingo de trata y a la mayor\u00eda no la etiquetan como trata. Les estamos diciendo d\u00f3nde est\u00e1n y c\u00f3mo est\u00e1n para que investiguen, pero nos investigan a nosotros&#8221;, critica.<\/p>\n","protected":false},"excerpt":{"rendered":"<p>Mariela sali\u00f3 de su casa con uniforme escolar pero no lleg\u00f3 a sus clases de secundaria. Su familia report\u00f3 la desaparici\u00f3n e iniciaron su b\u00fasqueda. La localizaron con vida 65 d\u00edas despu\u00e9s en una alcald\u00eda de la Ciudad de M\u00e9xico. Ten\u00eda signos de violencia. Creen que fue v\u00edctima de trata con fines de explotaci\u00f3n sexual. [&hellip;]<\/p>\n","protected":false},"author":81,"featured_media":265231,"comment_status":"closed","ping_status":"closed","sticky":false,"template":"","format":"standard","meta":{"footnotes":""},"categories":[37,36],"tags":[],"class_list":["post-265230","post","type-post","status-publish","format-standard","has-post-thumbnail","hentry","category-barandilla","category-nacion"],"_links":{"self":[{"href":"https:\/\/plazajuarez.mx\/historico\/wp-json\/wp\/v2\/posts\/265230","targetHints":{"allow":["GET"]}}],"collection":[{"href":"https:\/\/plazajuarez.mx\/historico\/wp-json\/wp\/v2\/posts"}],"about":[{"href":"https:\/\/plazajuarez.mx\/historico\/wp-json\/wp\/v2\/types\/post"}],"author":[{"embeddable":true,"href":"https:\/\/plazajuarez.mx\/historico\/wp-json\/wp\/v2\/users\/81"}],"replies":[{"embeddable":true,"href":"https:\/\/plazajuarez.mx\/historico\/wp-json\/wp\/v2\/comments?post=265230"}],"version-history":[{"count":0,"href":"https:\/\/plazajuarez.mx\/historico\/wp-json\/wp\/v2\/posts\/265230\/revisions"}],"wp:featuredmedia":[{"embeddable":true,"href":"https:\/\/plazajuarez.mx\/historico\/wp-json\/wp\/v2\/media\/265231"}],"wp:attachment":[{"href":"https:\/\/plazajuarez.mx\/historico\/wp-json\/wp\/v2\/media?parent=265230"}],"wp:term":[{"taxonomy":"category","embeddable":true,"href":"https:\/\/plazajuarez.mx\/historico\/wp-json\/wp\/v2\/categories?post=265230"},{"taxonomy":"post_tag","embeddable":true,"href":"https:\/\/plazajuarez.mx\/historico\/wp-json\/wp\/v2\/tags?post=265230"}],"curies":[{"name":"wp","href":"https:\/\/api.w.org\/{rel}","templated":true}]}}