{"id":2652,"date":"2015-03-22T06:00:00","date_gmt":"2015-03-22T06:00:00","guid":{"rendered":"http:\/\/plazajuarez.mx\/index\/index.php\/2015\/03\/22\/gobernador-visitara-valle-del-mezquital\/"},"modified":"2015-03-22T06:00:00","modified_gmt":"2015-03-22T06:00:00","slug":"gobernador-visitara-valle-del-mezquital","status":"publish","type":"post","link":"https:\/\/plazajuarez.mx\/historico\/gobernador-visitara-valle-del-mezquital\/","title":{"rendered":"Gobernador visitar\u00e1 Valle del Mezquital"},"content":{"rendered":"<p style=\"text-align: justify;\"><span lang=\"ES\" style=\"font-size: 13.0pt;\">VALLE DEL MEZQUITAL<\/span><\/p>\n<p style=\"text-align: justify;\"><span lang=\"ES\" style=\"font-size: 13.0pt;\">* Funcionarios garantizan visita a Ixmiquilpan, ma\u00f1ana martes<\/span><\/p>\n<p style=\"text-align: justify;\"><span lang=\"ES\" style=\"font-size: 13.0pt;\">* Cabe recordar que la reciente visita del Ejecutivo local, fue accidentada<\/span><\/p>\n<p>  <!--more-->  <\/p>\n<p style=\"text-align: justify;\">\u00a0<\/p>\n<p style=\"text-align: justify;\"><span lang=\"ES\">Valle del Mezquital. Ma\u00f1ana martes, el gobernador Francisco Olvera Ruiz, realizar\u00e1 una gira de trabajo en los municipios de El Cardonal, Ixmiquilpan y Chilcuautla, donde har\u00e1 entrega de diversas obras de infraestructura b\u00e1sica.\u00a0 <\/span><\/p>\n<p style=\"text-align: justify;\"><span lang=\"ES\">Su primera escala, ser\u00e1 en la comunidad de San Miguel Tlazintla, donde inaugurar\u00e1 una carretera que fue modernizada en 2014, asimismo pondr\u00e1 en marcha la obra para un sistema de agua potable, adem\u00e1s anunciar\u00e1 diversos compromisos para el presente presupuesto.\u00a0 <\/span><\/p>\n<p style=\"text-align: justify;\"><span lang=\"ES\">En este evento, ser\u00e1 recibido por el presidente municipal, Javier P\u00e9rez Cruz y delegados municipales de la zona; asimismo por integrantes del sistema de agua potable de San Miguel Tlazintla, el cual est\u00e1 integrado por nueve localidades.\u00a0 <\/span><\/p>\n<p style=\"text-align: justify;\"><span lang=\"ES\">Posteriormente, el mandatario hidalguense realizar\u00e1 una visita al barrio de El Fitzhi, donde tambi\u00e9n entregar\u00e1 algunas obras; cabe recordar que este es el primer evento p\u00fablico abierto que realizar\u00e1 en este municipio, luego de una larga ausencia.\u00a0 <\/span><\/p>\n<p style=\"text-align: justify;\"><span lang=\"ES\">De acuerdo a funcionarios del gobierno del estado, en este evento se espera que el Jefe del Ejecutivo local sea recibido por el presidente municipal, Cipriano Charrez Pedraza, quien a\u00fan mantiene su renuencia a tratar con autoridades estatales.\u00a0 <\/span><\/p>\n<p style=\"text-align: justify;\"><span lang=\"ES\">En el evento, no se descartan manifestaciones por parte de las organizaciones afines al alcalde; pero a pesar de ello hasta ayer continuaba confirmada esta actividad, la cual se realizar\u00e1 a un costado de la delegaci\u00f3n municipal de El Fitzhi, al a\u00edre libre. <\/span><\/p>\n<p style=\"text-align: justify;\"><span lang=\"ES\">La m\u00e1s reciente visita del Gobernador a este municipio, se realiz\u00f3 en el interior de la Universidad Tecnol\u00f3gica Valle del Mezquital (UTVM), donde no fue recibido por el alcalde, sin embargo s\u00ed asistieron un grupo de manifestantes.\u00a0 <\/span><\/p>\n<p style=\"text-align: justify;\"><span lang=\"ES\">Posteriormente al evento de Ixmiquilpan, el Gobernador visitar\u00e1 el municipio de Chilcuautla, en el interior del parque acu\u00e1tico Tlacotlapilco, donde pondr\u00e1 en marcha parte del equipamiento y modernizaci\u00f3n de este desarrollo tur\u00edstico, en el cual se realizaron inversiones estatales.\u00a0<\/span><\/p>\n","protected":false},"excerpt":{"rendered":"<p>VALLE DEL MEZQUITAL * Funcionarios garantizan visita a Ixmiquilpan, ma\u00f1ana martes * Cabe recordar que la reciente visita del Ejecutivo local, fue accidentada<\/p>\n","protected":false},"author":93,"featured_media":0,"comment_status":"open","ping_status":"open","sticky":false,"template":"","format":"standard","meta":{"footnotes":""},"categories":[40],"tags":[],"class_list":["post-2652","post","type-post","status-publish","format-standard","hentry","category-region"],"_links":{"self":[{"href":"https:\/\/plazajuarez.mx\/historico\/wp-json\/wp\/v2\/posts\/2652","targetHints":{"allow":["GET"]}}],"collection":[{"href":"https:\/\/plazajuarez.mx\/historico\/wp-json\/wp\/v2\/posts"}],"about":[{"href":"https:\/\/plazajuarez.mx\/historico\/wp-json\/wp\/v2\/types\/post"}],"author":[{"embeddable":true,"href":"https:\/\/plazajuarez.mx\/historico\/wp-json\/wp\/v2\/users\/93"}],"replies":[{"embeddable":true,"href":"https:\/\/plazajuarez.mx\/historico\/wp-json\/wp\/v2\/comments?post=2652"}],"version-history":[{"count":0,"href":"https:\/\/plazajuarez.mx\/historico\/wp-json\/wp\/v2\/posts\/2652\/revisions"}],"wp:attachment":[{"href":"https:\/\/plazajuarez.mx\/historico\/wp-json\/wp\/v2\/media?parent=2652"}],"wp:term":[{"taxonomy":"category","embeddable":true,"href":"https:\/\/plazajuarez.mx\/historico\/wp-json\/wp\/v2\/categories?post=2652"},{"taxonomy":"post_tag","embeddable":true,"href":"https:\/\/plazajuarez.mx\/historico\/wp-json\/wp\/v2\/tags?post=2652"}],"curies":[{"name":"wp","href":"https:\/\/api.w.org\/{rel}","templated":true}]}}