{"id":265130,"date":"2023-06-17T07:10:41","date_gmt":"2023-06-17T13:10:41","guid":{"rendered":"https:\/\/plazajuarez.mx\/?p=265130"},"modified":"2023-06-17T07:10:44","modified_gmt":"2023-06-17T13:10:44","slug":"la-mujer-del-verde-olivo","status":"publish","type":"post","link":"https:\/\/plazajuarez.mx\/historico\/la-mujer-del-verde-olivo\/","title":{"rendered":"La Mujer del Verde Olivo"},"content":{"rendered":"\n<h2 class=\"wp-block-heading\">PEDAZOS DE VIDA <\/h2>\n\n\n\n<p>Nunca antes hab\u00eda contemplado tanto un color como este, sab\u00eda de antemano que el rojo, amarillo y el azul son los colores primarios de los cuales se generan otros como el morado, el naranja y el verde. <\/p>\n\n\n\n<p>Que el verde en la Bandera Nacional representaba la esperanza, el blanco la paz y la nieve de sus volcanes, mientras que el rojo &#8220;la sangre que derramaron nuestros h\u00e9roes&#8221;, los colores tienen su significado, tienen su porqu\u00e9, pero pocas veces nos detenemos a descifrarlos.<\/p>\n\n\n\n<p>As\u00ed, el verde olivo tiene una historia propia, una que nace y se pierde entre la sangre del combate, en la hu\u00edda entre los matorrales. <\/p>\n\n\n\n<p>Tiene un nombre que surge en la historia del triunfo, en el augurio de los or\u00e1culos y de las t\u00fanicas griegas, entre aceites que le hacen bien al coraz\u00f3n y aceitunas que se comen al por mayor. Coronas de verde olivo en las cabezas de los triunfadores en Olimpia.<\/p>\n\n\n\n<p>El verde olivo, color de los uniformes militares para el combate en tierra, ideal para que el hombre se convierta en uno con el espesor de la naturaleza, el color que se mancha con la sangre que da patria y que es bandera en la b\u00fasqueda de la libertad. <\/p>\n\n\n\n<p>Est\u00e1 es quiz\u00e1, la interpretaci\u00f3n m\u00e1s sublime de un color que surge de la gloria de un imperio de esplendor y que se conserva en las filas de la historia al sonido del redoble del tambor.<\/p>\n\n\n\n<p>La naturaleza, el verde de los campos llenos de vida y en peligro latente cuando se llega al verde olivo. <\/p>\n\n\n\n<p>As\u00ed se matizan los paisajes de los grandes pintores, con verde hoja, verde agua, verde olivo, y tantas tonalidades m\u00e1s que surgen de la combinaci\u00f3n del azul y amarillo, con las que se logra aparentar la vida en un lienzo muerto. <\/p>\n\n\n\n<p>El verde es vida, pero el verde olivo es supervivencia, es seguir viviendo cerca de la muerte, del oto\u00f1o, de lo que consume a la sociedad, es estar de pie con el pigmento que no llega a ser caf\u00e9 para desprenderse de las ramas de los \u00e1rboles.<\/p>\n\n\n\n<p>&#8220;Una mujer, caminar\u00e1 por las calles de una ciudad que a diario sue\u00f1a diferente, entre ideales s\u00f3lidos y acciones congruentes, siempre rodeada de gente interesante y extraordinaria, ya que dentro de ella no cabe la persona que sea com\u00fan, la que sea igual y nada m\u00e1s&#8221;.<\/p>\n\n\n\n<p>&#8220;Su sendero estar\u00e1 rodeado de chacales, serpientes, alacranes y alima\u00f1as que aunque no se atreven a atacar, nunca dejar\u00e1n de acecharla. <\/p>\n\n\n\n<p>Nacer\u00e1 con un coraz\u00f3n tan noble que parecer\u00e1 terciopelo, custodiado de una armadura de hierro que siempre lo mantendr\u00e1 firme, con muros familiares que nadie lograr\u00e1 atravesar&#8221;.<\/p>\n\n\n\n<p>&#8220;Esa mujer ser\u00e1 ocurrente, traviesa, pero sobre todo irreverente ante la injusticia social, creer\u00e1 en un Dios sencillo, nacido pobre y sin opulencia, en la libertad y en la esencia del ser humano&#8221;, as\u00ed lo dijo aquella voz que algunos llaman &#8220;el destino&#8221;, cuando un 17 de junio de un a\u00f1o inolvidable, para la familia de Tecoaco, naci\u00f3 Teresa Samperio Le\u00f3n: \u201cLa Mujer del Verde Olivo\u201d.<\/p>\n\n\n\n<p><\/p>\n","protected":false},"excerpt":{"rendered":"<p>PEDAZOS DE VIDA Nunca antes hab\u00eda contemplado tanto un color como este, sab\u00eda de antemano que el rojo, amarillo y el azul son los colores primarios de los cuales se generan otros como el morado, el naranja y el verde. Que el verde en la Bandera Nacional representaba la esperanza, el blanco la paz y [&hellip;]<\/p>\n","protected":false},"author":72,"featured_media":265133,"comment_status":"closed","ping_status":"closed","sticky":false,"template":"","format":"standard","meta":{"footnotes":""},"categories":[85],"tags":[],"class_list":["post-265130","post","type-post","status-publish","format-standard","has-post-thumbnail","hentry","category-relatos"],"_links":{"self":[{"href":"https:\/\/plazajuarez.mx\/historico\/wp-json\/wp\/v2\/posts\/265130","targetHints":{"allow":["GET"]}}],"collection":[{"href":"https:\/\/plazajuarez.mx\/historico\/wp-json\/wp\/v2\/posts"}],"about":[{"href":"https:\/\/plazajuarez.mx\/historico\/wp-json\/wp\/v2\/types\/post"}],"author":[{"embeddable":true,"href":"https:\/\/plazajuarez.mx\/historico\/wp-json\/wp\/v2\/users\/72"}],"replies":[{"embeddable":true,"href":"https:\/\/plazajuarez.mx\/historico\/wp-json\/wp\/v2\/comments?post=265130"}],"version-history":[{"count":0,"href":"https:\/\/plazajuarez.mx\/historico\/wp-json\/wp\/v2\/posts\/265130\/revisions"}],"wp:featuredmedia":[{"embeddable":true,"href":"https:\/\/plazajuarez.mx\/historico\/wp-json\/wp\/v2\/media\/265133"}],"wp:attachment":[{"href":"https:\/\/plazajuarez.mx\/historico\/wp-json\/wp\/v2\/media?parent=265130"}],"wp:term":[{"taxonomy":"category","embeddable":true,"href":"https:\/\/plazajuarez.mx\/historico\/wp-json\/wp\/v2\/categories?post=265130"},{"taxonomy":"post_tag","embeddable":true,"href":"https:\/\/plazajuarez.mx\/historico\/wp-json\/wp\/v2\/tags?post=265130"}],"curies":[{"name":"wp","href":"https:\/\/api.w.org\/{rel}","templated":true}]}}