{"id":26513,"date":"2016-08-11T11:52:10","date_gmt":"2016-08-11T11:52:10","guid":{"rendered":"http:\/\/plazajuarez.mx\/index\/index.php\/2016\/08\/11\/hallazgo-arqueologico-en-grecia-apunta-a-una-leyenda-relacionada-con-zeus\/"},"modified":"2016-08-11T11:52:10","modified_gmt":"2016-08-11T11:52:10","slug":"hallazgo-arqueologico-en-grecia-apunta-a-una-leyenda-relacionada-con-zeus","status":"publish","type":"post","link":"https:\/\/plazajuarez.mx\/historico\/hallazgo-arqueologico-en-grecia-apunta-a-una-leyenda-relacionada-con-zeus\/","title":{"rendered":"Hallazgo arqueol\u00f3gico en Grecia apunta a una leyenda relacionada con Zeus"},"content":{"rendered":"<p>Se trata del sacrificio humano de un adolescente hace 3.000 a\u00f1os, un hecho poco usual en la mitolog\u00eda griega.<\/p>\n<p>  <!--more-->  <\/p>\n<p>Arque\u00f3logos en Grecia informaron de un hallazgo siniestro en la cima de una monta\u00f1a consagrada al antiguo dios Zeus, que podr\u00eda corroborar una de las leyendas m\u00e1s tr\u00e1gicas de Grecia.<br \/>Durante una excavaci\u00f3n en el monte Lykaion, entre las cenizas de animales sacrificados durante m\u00e1s de un milenio al rey de los dioses griegos, apareci\u00f3 el esqueleto de un adolescente de hace 3.000 a\u00f1os, inform\u00f3 el ministerio de Cultura el mi\u00e9rcoles.<br \/>El hallazgo en la regi\u00f3n sure\u00f1a del Peloponeso se remonta al siglo XI a.C.<br \/>Ese fue el fin de la era mic\u00e9nica, cuyos h\u00e9roes fueron inmortalizados en los mitos griegos y en los poemas de Homero. Muchos de sus palacios siguen en pie.<br \/>Escritores antiguos hablaban de sacrificios humanos en el monte Lykaion, una pr\u00e1ctica que los arque\u00f3logos del mundo griego han podido confirmar muy raras veces.<\/p>\n","protected":false},"excerpt":{"rendered":"<p>Se trata del sacrificio humano de un adolescente hace 3.000 a\u00f1os, un hecho poco usual en la mitolog\u00eda griega.<\/p>\n","protected":false},"author":93,"featured_media":0,"comment_status":"open","ping_status":"open","sticky":false,"template":"","format":"standard","meta":{"footnotes":""},"categories":[41],"tags":[],"class_list":["post-26513","post","type-post","status-publish","format-standard","hentry","category-arteria-cultural"],"_links":{"self":[{"href":"https:\/\/plazajuarez.mx\/historico\/wp-json\/wp\/v2\/posts\/26513","targetHints":{"allow":["GET"]}}],"collection":[{"href":"https:\/\/plazajuarez.mx\/historico\/wp-json\/wp\/v2\/posts"}],"about":[{"href":"https:\/\/plazajuarez.mx\/historico\/wp-json\/wp\/v2\/types\/post"}],"author":[{"embeddable":true,"href":"https:\/\/plazajuarez.mx\/historico\/wp-json\/wp\/v2\/users\/93"}],"replies":[{"embeddable":true,"href":"https:\/\/plazajuarez.mx\/historico\/wp-json\/wp\/v2\/comments?post=26513"}],"version-history":[{"count":0,"href":"https:\/\/plazajuarez.mx\/historico\/wp-json\/wp\/v2\/posts\/26513\/revisions"}],"wp:attachment":[{"href":"https:\/\/plazajuarez.mx\/historico\/wp-json\/wp\/v2\/media?parent=26513"}],"wp:term":[{"taxonomy":"category","embeddable":true,"href":"https:\/\/plazajuarez.mx\/historico\/wp-json\/wp\/v2\/categories?post=26513"},{"taxonomy":"post_tag","embeddable":true,"href":"https:\/\/plazajuarez.mx\/historico\/wp-json\/wp\/v2\/tags?post=26513"}],"curies":[{"name":"wp","href":"https:\/\/api.w.org\/{rel}","templated":true}]}}