{"id":265113,"date":"2023-06-16T22:55:19","date_gmt":"2023-06-17T04:55:19","guid":{"rendered":"https:\/\/plazajuarez.mx\/?p=265113"},"modified":"2023-06-16T22:55:22","modified_gmt":"2023-06-17T04:55:22","slug":"vuelca-camioneta-donde-viajaba-una-familia","status":"publish","type":"post","link":"https:\/\/plazajuarez.mx\/historico\/vuelca-camioneta-donde-viajaba-una-familia\/","title":{"rendered":"Vuelca camioneta donde viajaba una familia"},"content":{"rendered":"\n<p class=\"wp-block-paragraph\"><strong>TULANCINGO.- <\/strong>Tremendo susto se llev\u00f3 una  familia que viajaba la ma\u00f1ana de ayer sobre la carretera federal Tulancingo \u2013 Tihuatl\u00e1n, luego de salirse de la vialidad y volcar a orillas de la misma, cuando se  dirig\u00edan hacia Veracruz, porque un auto en sentido contrario se adelant\u00f3 a rebasar  y los oblig\u00f3 a girar. <\/p>\n\n\n\n<p class=\"wp-block-paragraph\">Fue aproximadamente a las 8:30 horas cuando se report\u00f3 el percance vehicular, a  la altura del kil\u00f3metro 95 + 400 de la citada vialidad. <\/p>\n\n\n\n<p class=\"wp-block-paragraph\">El veh\u00edculo afectado fue una camioneta modelo 2004, color blanco, con placas de  circulaci\u00f3n NZM 8008, sin embargo, al revisar param\u00e9dicos a los tripulantes, tres  menores de edad y tres adultos, estos resultaron con lesiones menores, por lo que  no requirieron traslado. <\/p>\n\n\n\n<p class=\"wp-block-paragraph\">De acuerdo con el conductor de la camioneta, R. C. F., se\u00f1al\u00f3 que circulaba de  manera normal cuando, en el carril del sentido contrario, un auto invadi\u00f3 con la  intenci\u00f3n de adelantarse al auto que llevaba enfrente. <\/p>\n\n\n\n<p class=\"wp-block-paragraph\">Ante ello, el conductor se vio obligado a girar hacia la derecha, pero perdi\u00f3 el  control de la camioneta, provocando la volcadura. <\/p>\n\n\n\n<p class=\"wp-block-paragraph\">En este tramo carretero que va desde Tulancingo hasta Huauchinango, sobre todo  en la zona de doble sentido, son constantes los accidentes ocasionados por  conductores que rebasan sin precauci\u00f3n alguna.<\/p>\n","protected":false},"excerpt":{"rendered":"<p>TULANCINGO.- Tremendo susto se llev\u00f3 una familia que viajaba la ma\u00f1ana de ayer sobre la carretera federal Tulancingo \u2013 Tihuatl\u00e1n, luego de salirse de la vialidad y volcar a orillas de la misma, cuando se dirig\u00edan hacia Veracruz, porque un auto en sentido contrario se adelant\u00f3 a rebasar y los oblig\u00f3 a girar. Fue aproximadamente [&hellip;]<\/p>\n","protected":false},"author":70,"featured_media":265114,"comment_status":"closed","ping_status":"closed","sticky":false,"template":"","format":"standard","meta":{"footnotes":""},"categories":[15,2159,40],"tags":[],"class_list":["post-265113","post","type-post","status-publish","format-standard","has-post-thumbnail","hentry","category-destacadas","category-noticias-de-hidalgo","category-region"],"_links":{"self":[{"href":"https:\/\/plazajuarez.mx\/historico\/wp-json\/wp\/v2\/posts\/265113","targetHints":{"allow":["GET"]}}],"collection":[{"href":"https:\/\/plazajuarez.mx\/historico\/wp-json\/wp\/v2\/posts"}],"about":[{"href":"https:\/\/plazajuarez.mx\/historico\/wp-json\/wp\/v2\/types\/post"}],"author":[{"embeddable":true,"href":"https:\/\/plazajuarez.mx\/historico\/wp-json\/wp\/v2\/users\/70"}],"replies":[{"embeddable":true,"href":"https:\/\/plazajuarez.mx\/historico\/wp-json\/wp\/v2\/comments?post=265113"}],"version-history":[{"count":0,"href":"https:\/\/plazajuarez.mx\/historico\/wp-json\/wp\/v2\/posts\/265113\/revisions"}],"wp:featuredmedia":[{"embeddable":true,"href":"https:\/\/plazajuarez.mx\/historico\/wp-json\/wp\/v2\/media\/265114"}],"wp:attachment":[{"href":"https:\/\/plazajuarez.mx\/historico\/wp-json\/wp\/v2\/media?parent=265113"}],"wp:term":[{"taxonomy":"category","embeddable":true,"href":"https:\/\/plazajuarez.mx\/historico\/wp-json\/wp\/v2\/categories?post=265113"},{"taxonomy":"post_tag","embeddable":true,"href":"https:\/\/plazajuarez.mx\/historico\/wp-json\/wp\/v2\/tags?post=265113"}],"curies":[{"name":"wp","href":"https:\/\/api.w.org\/{rel}","templated":true}]}}