{"id":26511,"date":"2016-08-11T11:51:11","date_gmt":"2016-08-11T11:51:11","guid":{"rendered":"http:\/\/plazajuarez.mx\/index\/index.php\/2016\/08\/11\/los-contemporaneos-y-el-cine\/"},"modified":"2016-08-11T11:51:11","modified_gmt":"2016-08-11T11:51:11","slug":"los-contemporaneos-y-el-cine","status":"publish","type":"post","link":"https:\/\/plazajuarez.mx\/historico\/los-contemporaneos-y-el-cine\/","title":{"rendered":"Los contempor\u00e1neos y el cine"},"content":{"rendered":"<p>CINE DE AYER<\/p>\n<p>  <!--more-->  <\/p>\n<p>La generaci\u00f3n de los contempor\u00e1neos conformada por escritores de la talla de Celestino Gorostiza, Gilberto Owen, Salvador Novo, Jaime Torres Boded y Samuel Ramos, fue uno de los grupos m\u00e1s importantes de la literatura y su influencia llega hasta nuestros d\u00edas, seg\u00fan se puede comprobar en la Exposici\u00f3n Los Contempor\u00e1neos y su Tiempo, que se presenta en el Palacio de las Bellas Artes.<br \/>La Cineteca Nacional ha conformado un ciclo con nueve pel\u00edculas que complementan la exposici\u00f3n.<br \/>Se encuentran cl\u00e1sicos\u00a0 de Fernando de Fuentes como \u00a1V\u00e1monos con Pancho Villa!, sobre un gui\u00f3n de Xavier Villaurrutia.y La zandunga en la que colabor\u00f3 Salvador Novo.<br \/>Dos de los \u00eddolos de la Epoca de Oro del Cine Mexicano se encuentran en el ciclo.<br \/>Jorge Negrete participa con Historia de un gran amor de Julio Bracho y con Perjura de Raphael J. Sevilla, esta \u00faltima con la direcci\u00f3n art\u00edstica de Salvador Novo.<br \/>Por su parte, Pedro Infante estelariza Las mujeres de mi general de Ismael Rodr\u00edguez.<br \/>Otros cl\u00e1sicos que forman parte del ciclo son la controvertida Mancha de sangre de Adolfo Best Maugard y Distinto amanecer de Julio Bracho con di\u00e1logos de Villaurrutia.<br \/>Completan el ciclo dos divertidas comedias El signo de la muerte de Chano Urueta, estelarizada por Mario Moreno Cantinflas sobre un argumento de Salvador Novo y \u00a1Ay que tiempos se\u00f1or Don Sim\u00f3n del propio Bracho, con Joaqu\u00edn Pardav\u00e9 en uno de sus papeles porfirianos m\u00e1s divertidos.<br \/>\u00a0\u00a0 <\/p>\n<p><\/p>\n","protected":false},"excerpt":{"rendered":"<p>CINE DE AYER<\/p>\n","protected":false},"author":93,"featured_media":0,"comment_status":"open","ping_status":"open","sticky":false,"template":"","format":"standard","meta":{"footnotes":""},"categories":[41],"tags":[],"class_list":["post-26511","post","type-post","status-publish","format-standard","hentry","category-arteria-cultural"],"_links":{"self":[{"href":"https:\/\/plazajuarez.mx\/historico\/wp-json\/wp\/v2\/posts\/26511","targetHints":{"allow":["GET"]}}],"collection":[{"href":"https:\/\/plazajuarez.mx\/historico\/wp-json\/wp\/v2\/posts"}],"about":[{"href":"https:\/\/plazajuarez.mx\/historico\/wp-json\/wp\/v2\/types\/post"}],"author":[{"embeddable":true,"href":"https:\/\/plazajuarez.mx\/historico\/wp-json\/wp\/v2\/users\/93"}],"replies":[{"embeddable":true,"href":"https:\/\/plazajuarez.mx\/historico\/wp-json\/wp\/v2\/comments?post=26511"}],"version-history":[{"count":0,"href":"https:\/\/plazajuarez.mx\/historico\/wp-json\/wp\/v2\/posts\/26511\/revisions"}],"wp:attachment":[{"href":"https:\/\/plazajuarez.mx\/historico\/wp-json\/wp\/v2\/media?parent=26511"}],"wp:term":[{"taxonomy":"category","embeddable":true,"href":"https:\/\/plazajuarez.mx\/historico\/wp-json\/wp\/v2\/categories?post=26511"},{"taxonomy":"post_tag","embeddable":true,"href":"https:\/\/plazajuarez.mx\/historico\/wp-json\/wp\/v2\/tags?post=26511"}],"curies":[{"name":"wp","href":"https:\/\/api.w.org\/{rel}","templated":true}]}}