{"id":2651,"date":"2015-03-22T06:00:00","date_gmt":"2015-03-22T06:00:00","guid":{"rendered":"http:\/\/plazajuarez.mx\/index\/index.php\/2015\/03\/22\/por-falta-de-pago-feria-iba-a-terminar-sin-escenario\/"},"modified":"2015-03-22T06:00:00","modified_gmt":"2015-03-22T06:00:00","slug":"por-falta-de-pago-feria-iba-a-terminar-sin-escenario","status":"publish","type":"post","link":"https:\/\/plazajuarez.mx\/historico\/por-falta-de-pago-feria-iba-a-terminar-sin-escenario\/","title":{"rendered":"Por falta de pago, feria iba a terminar sin escenario"},"content":{"rendered":"<p>TULA DE ALLENDE<\/p>\n<ul>\n<li>Empresarios retiraron el escenario del Teatro del Pueblo y tras tensa negociaci\u00f3n volvieron a colocar parte del mismo<\/li>\n<li>A\u00fan faltaban dos d\u00edas para que concluyeran las actividades <!--more--> <\/li>\n<\/ul>\n<p>Tula de Allende.- Por falta de pago, a dos d\u00edas de que concluyeran las actividades de la feria celebrada en la explanada de la Presidencia Municipal de Tula, el escenario y equipo de sonido del Teatro del Pueblo, fue desmontado y luego de tensa negociaci\u00f3n de los organizadores se volvi\u00f3 a colocar parte del equipo para que la noche del s\u00e1bado se realizara la presentaci\u00f3n del grupo Cuisillos.<\/p>\n<p>Los representantes de la empresa denominada \u201cReybac Logistic\u201d, se\u00f1alaron que ante la falta de la totalidad del pago que debi\u00f3 realizar la tesorera, Margarita Mera Gonz\u00e1lez, a m\u00e1s tardar el viernes y con quien se hizo el trato, no obstante que la feria le fue concesionada a Erwin Reyes.<\/p>\n<p>Dijo que ante el incumplimiento del gobierno municipal, quien era el responsable directo de la organizaci\u00f3n de la feria, decidi\u00f3 junto con sus 28 trabajadores desmontar el equipo de sonido y el escenario que hab\u00eda colocado en el Teatro del Pueblo y retirarse\u00a0 del lugar.<\/p>\n<p>Sin embargo para evitar que los tr\u00e1ileres con el equipo de sonido y escenario se retiraran del estacionamiento de la parte trasera de la alcald\u00eda, se dio la orden para que varias patrullas impidieran la salida de las pesadas unidades, adem\u00e1s los empleados fueron custodiados por elementos polic\u00edacos.<\/p>\n<p>El encargado de la colocaci\u00f3n del escenario y equipo de sonido record\u00f3 que cobr\u00f3 al Ayuntamiento, por d\u00eda, 85 mil pesos m\u00e1s IVA, de ah\u00ed que por los\u00a0 nueve d\u00edas de festejo, la Tesorer\u00eda le ten\u00eda que liquidar 887 mil 400 pesos, pero que al haberse incumplido el contrato, como medida de presi\u00f3n, desmontaron el equipo.<\/p>\n<p>Ante la situaci\u00f3n que se registr\u00f3 durante la tarde del s\u00e1bado y que por la noche se ten\u00eda contemplada en el Teatro del Pueblo la presentaci\u00f3n de Cuisillos, lleg\u00f3 a la Plaza del Nacionalismo el regidor Juan Pablo Ortiz Narez quien dialog\u00f3 con el representante de la empresa y tras larga discusi\u00f3n el asamble\u00edsta se comprometi\u00f3 a que m\u00e1s tarde la tesorera Margarita Mera liquidar\u00eda el total de la negociaci\u00f3n, pero que a cambio se instalar\u00e1 nuevamente el equipo para que con normalidad se diera continuidad a las actividades de la feria.<\/p>\n<p>Fue as\u00ed que los trabajadores\u00a0 comenzaron otra vez a colocar el escenario y equipo de sonido, ya no en su totalidad y s\u00f3lo el que se requer\u00eda de emergencia para que la autoridad saliera del compromiso.<\/p>\n<p>Por \u00faltimos los representantes de la empresa advirtieron que de no recibir el monto total de lo acordado en el contrato demandar\u00edan al municipio de Tula.\u00a0<\/p>\n","protected":false},"excerpt":{"rendered":"<p>TULA DE ALLENDE Empresarios retiraron el escenario del Teatro del Pueblo y tras tensa negociaci\u00f3n volvieron a colocar parte del mismo A\u00fan faltaban dos d\u00edas para que concluyeran las actividades<\/p>\n","protected":false},"author":93,"featured_media":0,"comment_status":"open","ping_status":"open","sticky":false,"template":"","format":"standard","meta":{"footnotes":""},"categories":[40],"tags":[],"class_list":["post-2651","post","type-post","status-publish","format-standard","hentry","category-region"],"_links":{"self":[{"href":"https:\/\/plazajuarez.mx\/historico\/wp-json\/wp\/v2\/posts\/2651","targetHints":{"allow":["GET"]}}],"collection":[{"href":"https:\/\/plazajuarez.mx\/historico\/wp-json\/wp\/v2\/posts"}],"about":[{"href":"https:\/\/plazajuarez.mx\/historico\/wp-json\/wp\/v2\/types\/post"}],"author":[{"embeddable":true,"href":"https:\/\/plazajuarez.mx\/historico\/wp-json\/wp\/v2\/users\/93"}],"replies":[{"embeddable":true,"href":"https:\/\/plazajuarez.mx\/historico\/wp-json\/wp\/v2\/comments?post=2651"}],"version-history":[{"count":0,"href":"https:\/\/plazajuarez.mx\/historico\/wp-json\/wp\/v2\/posts\/2651\/revisions"}],"wp:attachment":[{"href":"https:\/\/plazajuarez.mx\/historico\/wp-json\/wp\/v2\/media?parent=2651"}],"wp:term":[{"taxonomy":"category","embeddable":true,"href":"https:\/\/plazajuarez.mx\/historico\/wp-json\/wp\/v2\/categories?post=2651"},{"taxonomy":"post_tag","embeddable":true,"href":"https:\/\/plazajuarez.mx\/historico\/wp-json\/wp\/v2\/tags?post=2651"}],"curies":[{"name":"wp","href":"https:\/\/api.w.org\/{rel}","templated":true}]}}