{"id":2650,"date":"2015-03-22T06:00:00","date_gmt":"2015-03-22T06:00:00","guid":{"rendered":"http:\/\/plazajuarez.mx\/index\/index.php\/2015\/03\/22\/chofer-de-avm-arrollo-a-persona-de-la-tercera-edad\/"},"modified":"2015-03-22T06:00:00","modified_gmt":"2015-03-22T06:00:00","slug":"chofer-de-avm-arrollo-a-persona-de-la-tercera-edad","status":"publish","type":"post","link":"https:\/\/plazajuarez.mx\/historico\/chofer-de-avm-arrollo-a-persona-de-la-tercera-edad\/","title":{"rendered":"Chofer de AVM arroll\u00f3 a persona de la tercera edad"},"content":{"rendered":"<p>TULA DE ALLENDE<\/p>\n<ul>\n<li>Testigos de los hechos evitaron que el chofer se diera a la fuga<\/li>\n<li>La v\u00edctima de 73 a\u00f1os sufri\u00f3 golpes en la cabeza y el rostro <!--more--> <\/li>\n<\/ul>\n<p>Tula de Allende.- Una persona de la tercera edad, cuando caminaba sobre las calles Vicente Guerrero esquina con Matamoros, fue arrollada por un microb\u00fas de la l\u00ednea de Autotransportes Valle del Mezquital (AVM), al percatarse los vecinos y pasajeros del accidente evitaron que el conductor se diera a la fuga, en tanto que otros brindaron los primeros auxilios a la lesionada y a su hija quien por el percance sufri\u00f3 crisis nerviosa.<\/p>\n<p>De acuerdo a versiones de testigos la mujer de 73 a\u00f1os de nombre Carmen Mart\u00ednez Rodr\u00edguez, intent\u00f3 cruzar la calle Matamoros frente a las oficinas del PRI, cuando al dar la vuelta el microb\u00fas de AVM con placas de circulaci\u00f3n 025-691-G y n\u00famero econ\u00f3mico ALF-C-0082 la impact\u00f3 lanz\u00e1ndola algunos metros adelante, por lo que al caer la viejecita se golpe\u00f3 la cabeza y el rostro.<\/p>\n<p>Al darse cuenta los pasajeros y vecinos de lo sucedido de inmediato aseguraron al conductor del microb\u00fas de nombre, Ricardo L\u00f3pez Santiago, quien intent\u00f3 darse a la fuga, pero esta ocasi\u00f3n no lo consigui\u00f3 ya que fue detenido por la gente y entregado a la Polic\u00eda Municipal, quienes lo trasladaron a las galeras.<\/p>\n<p>Mientras unos deten\u00edan al operador, otros vecinos y pasajeros auxiliaron a la lesionada, mientras llegaban los param\u00e9dicos de la Cruz Roja y tras estabilizarla fue trasladada al IMSS de Tula, en tanto que su hija fue atendida al presentar crisis nerviosa por la impresi\u00f3n de que su madre haya sido arrollada por la unidad del transporte p\u00fablico.<\/p>\n<p>Ante los hechos, los usuarios y vecinos dijeron que lamentablemente el incidente se suma a muchos m\u00e1s generados por los conductores de AVM quienes manejan sin precauci\u00f3n y a exceso de velocidad.<\/p>\n<p>El estado de salud de la paciente fue reportado como estable, pero los familiares, ante el enojo y como consecuencia de las lesiones que sufri\u00f3 Carmen Mart\u00ednez, dijeron que interpondr\u00edan la denuncia correspondiente ante la Agencia del Ministerio P\u00fablico para deslindar responsabilidades.<\/p>\n","protected":false},"excerpt":{"rendered":"<p>TULA DE ALLENDE Testigos de los hechos evitaron que el chofer se diera a la fuga La v\u00edctima de 73 a\u00f1os sufri\u00f3 golpes en la cabeza y el rostro<\/p>\n","protected":false},"author":93,"featured_media":0,"comment_status":"open","ping_status":"open","sticky":false,"template":"","format":"standard","meta":{"footnotes":""},"categories":[40],"tags":[],"class_list":["post-2650","post","type-post","status-publish","format-standard","hentry","category-region"],"_links":{"self":[{"href":"https:\/\/plazajuarez.mx\/historico\/wp-json\/wp\/v2\/posts\/2650","targetHints":{"allow":["GET"]}}],"collection":[{"href":"https:\/\/plazajuarez.mx\/historico\/wp-json\/wp\/v2\/posts"}],"about":[{"href":"https:\/\/plazajuarez.mx\/historico\/wp-json\/wp\/v2\/types\/post"}],"author":[{"embeddable":true,"href":"https:\/\/plazajuarez.mx\/historico\/wp-json\/wp\/v2\/users\/93"}],"replies":[{"embeddable":true,"href":"https:\/\/plazajuarez.mx\/historico\/wp-json\/wp\/v2\/comments?post=2650"}],"version-history":[{"count":0,"href":"https:\/\/plazajuarez.mx\/historico\/wp-json\/wp\/v2\/posts\/2650\/revisions"}],"wp:attachment":[{"href":"https:\/\/plazajuarez.mx\/historico\/wp-json\/wp\/v2\/media?parent=2650"}],"wp:term":[{"taxonomy":"category","embeddable":true,"href":"https:\/\/plazajuarez.mx\/historico\/wp-json\/wp\/v2\/categories?post=2650"},{"taxonomy":"post_tag","embeddable":true,"href":"https:\/\/plazajuarez.mx\/historico\/wp-json\/wp\/v2\/tags?post=2650"}],"curies":[{"name":"wp","href":"https:\/\/api.w.org\/{rel}","templated":true}]}}