{"id":264969,"date":"2023-06-15T22:10:29","date_gmt":"2023-06-16T04:10:29","guid":{"rendered":"https:\/\/plazajuarez.mx\/?p=264969"},"modified":"2023-06-15T22:10:29","modified_gmt":"2023-06-16T04:10:29","slug":"ondas-de-calor-seran-cada-vez-mas-intensas-por-cambio-climatico","status":"publish","type":"post","link":"https:\/\/plazajuarez.mx\/historico\/ondas-de-calor-seran-cada-vez-mas-intensas-por-cambio-climatico\/","title":{"rendered":"Ondas de calor ser\u00e1n cada vez m\u00e1s intensas por cambio clim\u00e1tico"},"content":{"rendered":"\n<p>El profesor investigador de la Universidad Aut\u00f3noma del Estado de Hidalgo (UAEH), Numa Pompilio Pav\u00f3n Hern\u00e1ndez, advirti\u00f3&nbsp; que \u00e9sta tercera onda de calor, es hasta el momento la m\u00e1s intensa; adem\u00e1s se espera que contin\u00fae as\u00ed hasta el domingo 18 de junio, cuando la alta presi\u00f3n disminuya y pierda fuerza.<\/p>\n\n\n\n<p>Explic\u00f3 que la onda de calor por la que pasa gran parte del pa\u00eds es un fen\u00f3meno del que no se tiene registro en los \u00faltimos 30 a\u00f1os, el cual se ha conjuntado con eventos naturales y los efectos del cambio clim\u00e1tico derivado de la contaminaci\u00f3n.<\/p>\n\n\n\n<p>Indic\u00f3 que la sensaci\u00f3n t\u00e9rmica de la onda de calor cambiar\u00e1 de acuerdo al lugar, ya que en sitios con m\u00e1s humedad se sienten tres o cuatro grados m\u00e1s a comparaci\u00f3n con las de baja humedad.&nbsp;<\/p>\n\n\n\n<p>El investigador puntualiz\u00f3 que este es un fen\u00f3meno totalmente at\u00edpico y tambi\u00e9n es riesgoso para la salud, especialmente para grupos cr\u00edticos como las personas adultas mayores.<\/p>\n\n\n\n<p>Por ello aconsej\u00f3 mantenerse en continua hidrataci\u00f3n, de preferencia tomar agua o suero oral y evitar exponerse a las altas temperaturas, que persisten entre las 12:00 y las 16:00 horas.&nbsp;<\/p>\n\n\n\n<p>Explic\u00f3 que las ondas de calor ocurren si la alta presi\u00f3n en zonas de gran elevaci\u00f3n permanece durante varios d\u00edas y el aire que se encuentra debajo se \u201chunde\u201d, por lo que el calor queda atrapado \u201cesto es normal, ya que suele suceder durante los meses de verano, aunque en el centro del pa\u00eds es m\u00e1s com\u00fan de manera m\u00e1s regionalizada en mayo y junio\u201d.&nbsp;<\/p>\n\n\n\n<p>Sin embargo, el profesor advirti\u00f3 que la intensidad del calor que se siente en estos d\u00edas est\u00e1 relacionado con los efectos del calentamiento global y el cambio clim\u00e1tico, pues desde hace d\u00e9cadas se ha proyectado que este tipo de eventos ser\u00e1n cada vez m\u00e1s intensos, como las sequ\u00edas, precipitaciones extraordinarias o heladas.&nbsp;<\/p>\n\n\n\n<p>Refiri\u00f3 que aunado a ello, convergen otros fen\u00f3menos naturales como lo es el del Ni\u00f1o, que suceder\u00e1 todo este a\u00f1o, el cual tiene un impacto global que se resiente fuertemente en el continente americano, en donde se calienta el oc\u00e9ano y hay menos precipitaciones. \u201cEsto es un reflejo de lo que puede venir en el futuro por el cambio clim\u00e1tico, es algo real y es un aviso de lo que nos espera por todas las circunstancias que est\u00e1n relacionadas\u201d.<\/p>\n\n\n\n<p>Finaliz\u00f3: \u201cestamos en buen momento para establecer estrategias para adaptarse y para trabajar en la conservaci\u00f3n y recuperaci\u00f3n de ecosistemas naturales, as\u00ed como plantear acciones de pol\u00edticas p\u00fablicas, econ\u00f3micas y culturales\u201d.<\/p>\n","protected":false},"excerpt":{"rendered":"<p>El profesor investigador de la Universidad Aut\u00f3noma del Estado de Hidalgo (UAEH), Numa Pompilio Pav\u00f3n Hern\u00e1ndez, advirti\u00f3&nbsp; que \u00e9sta tercera onda de calor, es hasta el momento la m\u00e1s intensa; adem\u00e1s se espera que contin\u00fae as\u00ed hasta el domingo 18 de junio, cuando la alta presi\u00f3n disminuya y pierda fuerza. Explic\u00f3 que la onda de [&hellip;]<\/p>\n","protected":false},"author":93,"featured_media":264973,"comment_status":"closed","ping_status":"","sticky":false,"template":"","format":"standard","meta":{"footnotes":""},"categories":[59,2159],"tags":[],"class_list":["post-264969","post","type-post","status-publish","format-standard","has-post-thumbnail","hentry","category-general","category-noticias-de-hidalgo"],"_links":{"self":[{"href":"https:\/\/plazajuarez.mx\/historico\/wp-json\/wp\/v2\/posts\/264969","targetHints":{"allow":["GET"]}}],"collection":[{"href":"https:\/\/plazajuarez.mx\/historico\/wp-json\/wp\/v2\/posts"}],"about":[{"href":"https:\/\/plazajuarez.mx\/historico\/wp-json\/wp\/v2\/types\/post"}],"author":[{"embeddable":true,"href":"https:\/\/plazajuarez.mx\/historico\/wp-json\/wp\/v2\/users\/93"}],"replies":[{"embeddable":true,"href":"https:\/\/plazajuarez.mx\/historico\/wp-json\/wp\/v2\/comments?post=264969"}],"version-history":[{"count":0,"href":"https:\/\/plazajuarez.mx\/historico\/wp-json\/wp\/v2\/posts\/264969\/revisions"}],"wp:featuredmedia":[{"embeddable":true,"href":"https:\/\/plazajuarez.mx\/historico\/wp-json\/wp\/v2\/media\/264973"}],"wp:attachment":[{"href":"https:\/\/plazajuarez.mx\/historico\/wp-json\/wp\/v2\/media?parent=264969"}],"wp:term":[{"taxonomy":"category","embeddable":true,"href":"https:\/\/plazajuarez.mx\/historico\/wp-json\/wp\/v2\/categories?post=264969"},{"taxonomy":"post_tag","embeddable":true,"href":"https:\/\/plazajuarez.mx\/historico\/wp-json\/wp\/v2\/tags?post=264969"}],"curies":[{"name":"wp","href":"https:\/\/api.w.org\/{rel}","templated":true}]}}