{"id":264965,"date":"2023-06-15T22:08:25","date_gmt":"2023-06-16T04:08:25","guid":{"rendered":"https:\/\/plazajuarez.mx\/?p=264965"},"modified":"2023-06-15T22:08:29","modified_gmt":"2023-06-16T04:08:29","slug":"pnah-y-pt-van-contra-la-violencia-escolar","status":"publish","type":"post","link":"https:\/\/plazajuarez.mx\/historico\/pnah-y-pt-van-contra-la-violencia-escolar\/","title":{"rendered":"PNAH y PT van contra la violencia escolar"},"content":{"rendered":"\n<p>Integrantes de la 65 Legislatura de Hidalgo pretenden&nbsp; liberar a las instituciones y centros educativos de acoso y violencia escolar, por lo que diputados de Nueva Alianza Hidalgo (PNAH) y el Partido del Trabajo (PT) propusieron reformar la Constituci\u00f3n Pol\u00edtica del Estado de Hidalgo, en materia de eliminaci\u00f3n de la violencia escolar.<\/p>\n\n\n\n<p>Mar\u00eda Adelaida Mu\u00f1oz Jumilla, diputada local del turquesa, explic\u00f3 que el objetivo es elevar a rango constitucional la rector\u00eda del estado y los municipios para establecer las pol\u00edticas, programas y acciones necesarias para garantizar que las instituciones y centros educativos sean espacios libres de cualquier forma de acoso o violencia, se promueva una convivencia social pac\u00edfica y la resoluci\u00f3n arm\u00f3nica de conflictos.&nbsp;<\/p>\n\n\n\n<p>\u201cLa cultura de la paz, los valores y la eliminaci\u00f3n de la violencia pasar\u00e1n a ser caracter\u00edsticas sustanciales y sine qua non del proceso ense\u00f1anza aprendizaje. En Hidalgo, seg\u00fan informaci\u00f3n de la Secretar\u00eda de Salud, se consideraba como la quinta, a nivel nacional, con m\u00e1s casos de ni\u00f1as, ni\u00f1os y adolescentes atendidos en hospitales por violencia f\u00edsica, y la sexta con m\u00e1s casos de poblaci\u00f3n infantil atendida en hospitales por violencia familiar\u201d, dijo.&nbsp;<\/p>\n\n\n\n<p>Y agreg\u00f3 que a lo&nbsp; anterior se debe agregar&nbsp; que en Hidalgo se tiene el&nbsp; lugar&nbsp; 16 con mayor poblaci\u00f3n de ni\u00f1as, ni\u00f1os y adolescentes por lo que la iniciativa fue enviada a la Primera Comisi\u00f3n Permanente de Legislaci\u00f3n y Puntos Constitucionales para su an\u00e1lisis, estudio y en su caso dictaminaci\u00f3n.<\/p>\n","protected":false},"excerpt":{"rendered":"<p>Integrantes de la 65 Legislatura de Hidalgo pretenden&nbsp; liberar a las instituciones y centros educativos de acoso y violencia escolar, por lo que diputados de Nueva Alianza Hidalgo (PNAH) y el Partido del Trabajo (PT) propusieron reformar la Constituci\u00f3n Pol\u00edtica del Estado de Hidalgo, en materia de eliminaci\u00f3n de la violencia escolar. Mar\u00eda Adelaida Mu\u00f1oz [&hellip;]<\/p>\n","protected":false},"author":103,"featured_media":263930,"comment_status":"closed","ping_status":"closed","sticky":false,"template":"","format":"standard","meta":{"footnotes":""},"categories":[59,2159],"tags":[],"class_list":["post-264965","post","type-post","status-publish","format-standard","has-post-thumbnail","hentry","category-general","category-noticias-de-hidalgo"],"_links":{"self":[{"href":"https:\/\/plazajuarez.mx\/historico\/wp-json\/wp\/v2\/posts\/264965","targetHints":{"allow":["GET"]}}],"collection":[{"href":"https:\/\/plazajuarez.mx\/historico\/wp-json\/wp\/v2\/posts"}],"about":[{"href":"https:\/\/plazajuarez.mx\/historico\/wp-json\/wp\/v2\/types\/post"}],"author":[{"embeddable":true,"href":"https:\/\/plazajuarez.mx\/historico\/wp-json\/wp\/v2\/users\/103"}],"replies":[{"embeddable":true,"href":"https:\/\/plazajuarez.mx\/historico\/wp-json\/wp\/v2\/comments?post=264965"}],"version-history":[{"count":0,"href":"https:\/\/plazajuarez.mx\/historico\/wp-json\/wp\/v2\/posts\/264965\/revisions"}],"wp:featuredmedia":[{"embeddable":true,"href":"https:\/\/plazajuarez.mx\/historico\/wp-json\/wp\/v2\/media\/263930"}],"wp:attachment":[{"href":"https:\/\/plazajuarez.mx\/historico\/wp-json\/wp\/v2\/media?parent=264965"}],"wp:term":[{"taxonomy":"category","embeddable":true,"href":"https:\/\/plazajuarez.mx\/historico\/wp-json\/wp\/v2\/categories?post=264965"},{"taxonomy":"post_tag","embeddable":true,"href":"https:\/\/plazajuarez.mx\/historico\/wp-json\/wp\/v2\/tags?post=264965"}],"curies":[{"name":"wp","href":"https:\/\/api.w.org\/{rel}","templated":true}]}}