{"id":264953,"date":"2023-06-15T20:21:52","date_gmt":"2023-06-16T02:21:52","guid":{"rendered":"https:\/\/plazajuarez.mx\/?p=264953"},"modified":"2023-06-15T20:21:57","modified_gmt":"2023-06-16T02:21:57","slug":"hoy-hago-un-alto-e-inicio-un-cambio-de-rumbo-fayad-renuncia-al-pri","status":"publish","type":"post","link":"https:\/\/plazajuarez.mx\/historico\/hoy-hago-un-alto-e-inicio-un-cambio-de-rumbo-fayad-renuncia-al-pri\/","title":{"rendered":"Hoy hago un alto e inicio un cambio de rumbo: Fayad renuncia al PRI"},"content":{"rendered":"\n<p>El exgobernador de Hidalgo, Omar Fayad, anunci\u00f3 que renunciar\u00e1 al Partido Revolucionario Institucional (PRI) debido a que las actuales condiciones del partido se han visto limitadas y no hay espacio para quienes quieren aportar desde una perspectiva diferente.<br><br>En entrevista en el espacio de Azucena Uresti para Radio F\u00f3rmula, Omar Fayad se\u00f1al\u00f3 que tras a\u00f1os de militancia ha decidido hacer una reflexi\u00f3n sobre su permanencia en el partido, pues se\u00f1al\u00f3 que, a pesar de haber dado resultados, no han querido agregarlo al Consejo.<br><br>En su carta de renuncia fechada el 13 de junio y publicada por la periodista, asegura que por m\u00e1s de 40 a\u00f1os se ha dedicado y comprometido a conducir su trabajo bajo las reglas del PRI, partido que dijo, &#8220;(\u2026) le brind\u00f3 las mejores oportunidades en su trayectoria pol\u00edtica&#8221;.<br><br>Sin embargo, explic\u00f3 que las actuales condiciones del partido han coartado la participaci\u00f3n pol\u00edtica para quienes &#8220;han pensado independiente y asumido puntos de vista que en un partido incluyente se deben de valorar y respetar&#8221;.<br><br>&#8220;Hoy con profundo orgullo y satisfecho de los resultados entregados en cada candidatura que se me confi\u00f3 y con la mayor votaci\u00f3n que haya tenido un priista en todas las responsabilidades conferidas a lo largo de la historia, hago p\u00fablica la solicitud de renuncia a mi militancia priista&#8221;.<br><br>Finalmente, Fayad agradeci\u00f3 el apoyo y la confianza que le brind\u00f3 la militancia partidista.<\/p>\n","protected":false},"excerpt":{"rendered":"<p>El exgobernador de Hidalgo, Omar Fayad, anunci\u00f3 que renunciar\u00e1 al Partido Revolucionario Institucional (PRI) debido a que las actuales condiciones del partido se han visto limitadas y no hay espacio para quienes quieren aportar desde una perspectiva diferente. En entrevista en el espacio de Azucena Uresti para Radio F\u00f3rmula, Omar Fayad se\u00f1al\u00f3 que tras a\u00f1os [&hellip;]<\/p>\n","protected":false},"author":81,"featured_media":239513,"comment_status":"closed","ping_status":"closed","sticky":false,"template":"","format":"standard","meta":{"footnotes":""},"categories":[15,36],"tags":[],"class_list":["post-264953","post","type-post","status-publish","format-standard","has-post-thumbnail","hentry","category-destacadas","category-nacion"],"_links":{"self":[{"href":"https:\/\/plazajuarez.mx\/historico\/wp-json\/wp\/v2\/posts\/264953","targetHints":{"allow":["GET"]}}],"collection":[{"href":"https:\/\/plazajuarez.mx\/historico\/wp-json\/wp\/v2\/posts"}],"about":[{"href":"https:\/\/plazajuarez.mx\/historico\/wp-json\/wp\/v2\/types\/post"}],"author":[{"embeddable":true,"href":"https:\/\/plazajuarez.mx\/historico\/wp-json\/wp\/v2\/users\/81"}],"replies":[{"embeddable":true,"href":"https:\/\/plazajuarez.mx\/historico\/wp-json\/wp\/v2\/comments?post=264953"}],"version-history":[{"count":0,"href":"https:\/\/plazajuarez.mx\/historico\/wp-json\/wp\/v2\/posts\/264953\/revisions"}],"wp:featuredmedia":[{"embeddable":true,"href":"https:\/\/plazajuarez.mx\/historico\/wp-json\/wp\/v2\/media\/239513"}],"wp:attachment":[{"href":"https:\/\/plazajuarez.mx\/historico\/wp-json\/wp\/v2\/media?parent=264953"}],"wp:term":[{"taxonomy":"category","embeddable":true,"href":"https:\/\/plazajuarez.mx\/historico\/wp-json\/wp\/v2\/categories?post=264953"},{"taxonomy":"post_tag","embeddable":true,"href":"https:\/\/plazajuarez.mx\/historico\/wp-json\/wp\/v2\/tags?post=264953"}],"curies":[{"name":"wp","href":"https:\/\/api.w.org\/{rel}","templated":true}]}}