{"id":26493,"date":"2016-08-11T11:41:59","date_gmt":"2016-08-11T11:41:59","guid":{"rendered":"http:\/\/plazajuarez.mx\/index\/index.php\/2016\/08\/11\/donald-trump-sugiere-asesinar-a-hillary-clinton\/"},"modified":"2016-08-11T11:41:59","modified_gmt":"2016-08-11T11:41:59","slug":"donald-trump-sugiere-asesinar-a-hillary-clinton","status":"publish","type":"post","link":"https:\/\/plazajuarez.mx\/historico\/donald-trump-sugiere-asesinar-a-hillary-clinton\/","title":{"rendered":"Donald Trump \u201csugiere\u201d asesinar a Hillary Clinton"},"content":{"rendered":"<p>El loco rebas\u00f3 la l\u00ednea roja<\/p>\n<p>  <!--more-->  <\/p>\n<p>Confuso comentario de Donaldo enciende nueva pol\u00e9mica en su accidentada campa\u00f1a; parece darles la raz\u00f3n a quienes dicen que en realidad no quiere ser Presidente <br \/>EU tiene una larga historia de asesinatos pol\u00edticos. Cuatro presidentes han sido asesinados. El \u00faltimo, John Kennedy, en 1963. Cinco a\u00f1os despu\u00e9s, Bobby Kennedy fue asesinado en plena campa\u00f1a para la nominaci\u00f3n dem\u00f3crata a la Casa Blanca<br \/>La campa\u00f1a electoral de EU entra en terreno peligroso. En declaraci\u00f3n potencialmente incendiaria, el candidato republicano a la Casa Blanca Donald Trump insinu\u00f3 la noche del martes que los partidarios del derecho a llevar pistola pod\u00edan frenar a la candidata dem\u00f3crata Hillary Clinton. No aclar\u00f3 c\u00f3mo, pero enseguida convoc\u00f3 el espectro de la violencia en un pa\u00eds donde circulan m\u00e1s de 300 millones de armas de fuego y donde el asesinato pol\u00edtico es un trauma recurrente en su historia.<br \/>\u201cSi ella logra elegir a sus jueces, no habr\u00e1 nada que hacer, amigos\u201d, dijo Trump. Se refer\u00eda a la capacidad del presidente de EU de nominar a jueces del Tribunal Supremo. La teor\u00eda de Trump es que si Clinton gana en noviembre y nombra a jueces progresistas, \u00e9stos abolir\u00e1n la Segunda Enmienda de la Constituci\u00f3n, que garantiza el derecho a portar armas.<br \/>Trump a\u00f1adi\u00f3: \u201cAunque la gente de la Segunda Enmienda [los propietarios de armas]\u2026 quiz\u00e1 s\u00ed haya [algo que hacer], no lo s\u00e9\u201d.<br \/>El comentario de Trump, en un mitin en Carolina del Norte, es ambiguo y agramatical, pero puede interpretarse como un llamamiento alg\u00fan tipo de acci\u00f3n contra su rival en las elecciones presidenciales de noviembre, o contra los jueces. No ser\u00eda la primera vez que Trump llama a la violencia, aunque nunca lo ha hecho directamente contra su rival.<br \/>En un mensaje en la red social Twitter, el Servicio Secreto \u2014el cuerpo policial que protege a los presidentes y a los candidatos presidenciales, incluido a Trump\u2014 escribi\u00f3: &#8220;El Servicio Secreto es consciente de los comentarios realizados esta tarde&#8221;.<br \/>En la cadena CNN, el general retirado Michael Hayden, exdirector de la CIA y cr\u00edtico con Trump, dijo en referencia a sus comentarios: &#8220;Si otra persona hubiese dicho esto fuera del auditorio, ahora estar\u00eda en la parte trasera de una furgoneta de la pol\u00edtica con el servicio secreto interrog\u00e1ndolo&#8221;.<\/p>\n","protected":false},"excerpt":{"rendered":"<p>El loco rebas\u00f3 la l\u00ednea roja<\/p>\n","protected":false},"author":93,"featured_media":0,"comment_status":"open","ping_status":"open","sticky":false,"template":"","format":"standard","meta":{"footnotes":""},"categories":[31],"tags":[],"class_list":["post-26493","post","type-post","status-publish","format-standard","hentry","category-orbe"],"_links":{"self":[{"href":"https:\/\/plazajuarez.mx\/historico\/wp-json\/wp\/v2\/posts\/26493","targetHints":{"allow":["GET"]}}],"collection":[{"href":"https:\/\/plazajuarez.mx\/historico\/wp-json\/wp\/v2\/posts"}],"about":[{"href":"https:\/\/plazajuarez.mx\/historico\/wp-json\/wp\/v2\/types\/post"}],"author":[{"embeddable":true,"href":"https:\/\/plazajuarez.mx\/historico\/wp-json\/wp\/v2\/users\/93"}],"replies":[{"embeddable":true,"href":"https:\/\/plazajuarez.mx\/historico\/wp-json\/wp\/v2\/comments?post=26493"}],"version-history":[{"count":0,"href":"https:\/\/plazajuarez.mx\/historico\/wp-json\/wp\/v2\/posts\/26493\/revisions"}],"wp:attachment":[{"href":"https:\/\/plazajuarez.mx\/historico\/wp-json\/wp\/v2\/media?parent=26493"}],"wp:term":[{"taxonomy":"category","embeddable":true,"href":"https:\/\/plazajuarez.mx\/historico\/wp-json\/wp\/v2\/categories?post=26493"},{"taxonomy":"post_tag","embeddable":true,"href":"https:\/\/plazajuarez.mx\/historico\/wp-json\/wp\/v2\/tags?post=26493"}],"curies":[{"name":"wp","href":"https:\/\/api.w.org\/{rel}","templated":true}]}}