{"id":26492,"date":"2016-08-11T11:41:54","date_gmt":"2016-08-11T11:41:54","guid":{"rendered":"http:\/\/plazajuarez.mx\/index\/index.php\/2016\/08\/11\/francia-da-instrucciones-a-escuelas-ante-la-amenaza-terrorista\/"},"modified":"2016-08-11T11:41:54","modified_gmt":"2016-08-11T11:41:54","slug":"francia-da-instrucciones-a-escuelas-ante-la-amenaza-terrorista","status":"publish","type":"post","link":"https:\/\/plazajuarez.mx\/historico\/francia-da-instrucciones-a-escuelas-ante-la-amenaza-terrorista\/","title":{"rendered":"Francia da instrucciones a escuelas ante la amenaza terrorista"},"content":{"rendered":"<p>Un pa\u00eds con gobierno b\u00e9lico, bajo la amenaza del terror<\/p>\n<p>\u25cf\u00a0\u00a0\u00a0 El pr\u00f3ximo ciclo escolar habr\u00e1 simulacros de atentados<\/p>\n<p>  <!--more-->  <\/p>\n<p>Uno de simulacros de atentado supone que un terrorista habr\u00eda penetrado en la escuela. En este caso, la alarma debe emitir un sonido diferente al de una alarma en caso de incendio. Inicialmente se realizaba un ejercicio de este tipo cada a\u00f1o, desde los ataques de noviembre dos, y a partir del nuevo curso tres.<br \/>Par\u00eds.- Dentro del contexto de amenaza terrorista, en particular tras los dos \u00faltimos ataques de julio en Niza y en Normand\u00eda, el Gobierno franc\u00e9s quiere reforzar las medidas de seguridad en sus escuelas e institutos, temidos blancos de posibles ataques. <br \/>Las nuevas medidas, que se pondr\u00e1n en marcha en el nuevo curso escolar, incluyen un simulacro de atentado; la formaci\u00f3n de alumnos a los \u201cgestos que salvan\u201d y una mayor vigilancia de posibles signos de radicalizaci\u00f3n entre profesores y estudiantes. Los ministros de Educaci\u00f3n y de Interior dar\u00e1n m\u00e1s informaci\u00f3n al final del verano.<br \/>Una nota de instrucciones conjunta del Ministerio de Educaci\u00f3n y del de Interior se\u00f1ala: \u201cLos recientes atentados y el contexto de amenaza terrorista imponen reforzar la vigilancia\u201d.<br \/>La primera recomendaci\u00f3n pasa por la circulaci\u00f3n de la informaci\u00f3n y la coordinaci\u00f3n de los esfuerzos de prevenci\u00f3n, por lo que pide a los directores escolares organizar reuniones al inicio del curso con los padres para ponerse al corriente del conjunto de las medidas. El d\u00eda anterior de la vuelta al colegio, los responsables de los centros deber\u00e1n tambi\u00e9n probar un sistema de alerta por mensaje de texto, destinado a avisar toda la profesi\u00f3n en el menor tiempo posible de cualquier ataque.<\/p>\n","protected":false},"excerpt":{"rendered":"<p>Un pa\u00eds con gobierno b\u00e9lico, bajo la amenaza del terror \u25cf\u00a0\u00a0\u00a0 El pr\u00f3ximo ciclo escolar habr\u00e1 simulacros de atentados<\/p>\n","protected":false},"author":93,"featured_media":0,"comment_status":"open","ping_status":"open","sticky":false,"template":"","format":"standard","meta":{"footnotes":""},"categories":[31],"tags":[],"class_list":["post-26492","post","type-post","status-publish","format-standard","hentry","category-orbe"],"_links":{"self":[{"href":"https:\/\/plazajuarez.mx\/historico\/wp-json\/wp\/v2\/posts\/26492","targetHints":{"allow":["GET"]}}],"collection":[{"href":"https:\/\/plazajuarez.mx\/historico\/wp-json\/wp\/v2\/posts"}],"about":[{"href":"https:\/\/plazajuarez.mx\/historico\/wp-json\/wp\/v2\/types\/post"}],"author":[{"embeddable":true,"href":"https:\/\/plazajuarez.mx\/historico\/wp-json\/wp\/v2\/users\/93"}],"replies":[{"embeddable":true,"href":"https:\/\/plazajuarez.mx\/historico\/wp-json\/wp\/v2\/comments?post=26492"}],"version-history":[{"count":0,"href":"https:\/\/plazajuarez.mx\/historico\/wp-json\/wp\/v2\/posts\/26492\/revisions"}],"wp:attachment":[{"href":"https:\/\/plazajuarez.mx\/historico\/wp-json\/wp\/v2\/media?parent=26492"}],"wp:term":[{"taxonomy":"category","embeddable":true,"href":"https:\/\/plazajuarez.mx\/historico\/wp-json\/wp\/v2\/categories?post=26492"},{"taxonomy":"post_tag","embeddable":true,"href":"https:\/\/plazajuarez.mx\/historico\/wp-json\/wp\/v2\/tags?post=26492"}],"curies":[{"name":"wp","href":"https:\/\/api.w.org\/{rel}","templated":true}]}}