{"id":26491,"date":"2016-08-11T11:41:35","date_gmt":"2016-08-11T11:41:35","guid":{"rendered":"http:\/\/plazajuarez.mx\/index\/index.php\/2016\/08\/11\/donde-debe-enterrarse-a-los-terroristas\/"},"modified":"2016-08-11T11:41:35","modified_gmt":"2016-08-11T11:41:35","slug":"donde-debe-enterrarse-a-los-terroristas","status":"publish","type":"post","link":"https:\/\/plazajuarez.mx\/historico\/donde-debe-enterrarse-a-los-terroristas\/","title":{"rendered":"\u00bfD\u00f3nde debe enterrarse a los terroristas?"},"content":{"rendered":"<p>Nuevamente la religi\u00f3n como un gran fardo<\/p>\n<p>\u25cf\u00a0\u00a0\u00a0 El rechazo de un im\u00e1n a dar sepultura al asesino de un cura franc\u00e9s reaviva una cuesti\u00f3n ya presente tras los ataques de Madrid, Nueva York y Londres<\/p>\n<p>  <!--more-->  <\/p>\n<p>En EU, no se plantean la cuesti\u00f3n, para ellos es una guerra en la que se niega al enemigo. Tras el 11-S, la principal preocupaci\u00f3n fue separar los restos de los terroristas de los de las v\u00edctimas entre las cenizas de las Torres Gemelas. Nadie reclam\u00f3 los cuerpos de los 19 autores de los ataques, procedentes de diferentes pa\u00edses y que hab\u00edan viajado por el mundo. Seg\u00fan indic\u00f3 el FBI a\u00f1os despu\u00e9s de los atentados, sus restos segu\u00edan en sus dependencias<br \/>Al d\u00eda siguiente del atentado de Normand\u00eda, el im\u00e1n de la mezquita local dej\u00f3 claro que no se har\u00e1 cargo de la sepultura de Adel Kermiche, el yihadista que degoll\u00f3 a un sacerdote en plena misa. A los pocos d\u00edas rectific\u00f3, indicando que si la familia as\u00ed lo pide, se recurrir\u00e1 a un religioso exterior a Saint-Etienne-du-Rouvray, donde tuvo lugar el ataque y donde viv\u00eda Kermiche. <br \/>La delicada cuesti\u00f3n del entierro de los terroristas yihadistas, que se ven como \u201csoldados\u201d de un Estado virtual y reniegan de su ciudadan\u00eda, se ha convertido en tristemente habitual en Francia. La mayor\u00eda de los que han atentado en los \u00faltimos a\u00f1os son franceses de segunda generaci\u00f3n. Antes que Francia, EU, Espa\u00f1a y Reino Unido se han enfrentado a un dilema similar. Cada uno ha optado por respuestas diferentes.<br \/>\u201cEl im\u00e1n de Saint-Etienne-du-Rouvray no quiere ocuparse del entierro porque se trata del enemigo de todo el pueblo, incluso de toda la humanidad, hay un problema de apropiaci\u00f3n del cuerpo\u201d, relata la soci\u00f3loga Riva Kastoryano, autora de \u00bfQu\u00e9 hacer con los cuerpos de los yihadistas? Identidad y Territorio (ed. Fayard), en el que compara lo ocurrido en EU tras el 11-S, en Espa\u00f1a tras el 11-M y en Reino Unido tras los atentado del 7 de julio de 2005. <br \/>\u201cEstamos en guerra, pero de otro tipo, no existen h\u00e9roes de guerra con sus propios cementerios, ning\u00fan pa\u00eds quiere apropiarse esos restos\u201d, a\u00f1ade. \u201cAl final, se trata de un deber humanitario respecto a las familias, que no tienen nada que ver\u201d, concluye.<\/p>\n","protected":false},"excerpt":{"rendered":"<p>Nuevamente la religi\u00f3n como un gran fardo \u25cf\u00a0\u00a0\u00a0 El rechazo de un im\u00e1n a dar sepultura al asesino de un cura franc\u00e9s reaviva una cuesti\u00f3n ya presente tras los ataques de Madrid, Nueva York y Londres<\/p>\n","protected":false},"author":93,"featured_media":0,"comment_status":"open","ping_status":"open","sticky":false,"template":"","format":"standard","meta":{"footnotes":""},"categories":[31],"tags":[],"class_list":["post-26491","post","type-post","status-publish","format-standard","hentry","category-orbe"],"_links":{"self":[{"href":"https:\/\/plazajuarez.mx\/historico\/wp-json\/wp\/v2\/posts\/26491","targetHints":{"allow":["GET"]}}],"collection":[{"href":"https:\/\/plazajuarez.mx\/historico\/wp-json\/wp\/v2\/posts"}],"about":[{"href":"https:\/\/plazajuarez.mx\/historico\/wp-json\/wp\/v2\/types\/post"}],"author":[{"embeddable":true,"href":"https:\/\/plazajuarez.mx\/historico\/wp-json\/wp\/v2\/users\/93"}],"replies":[{"embeddable":true,"href":"https:\/\/plazajuarez.mx\/historico\/wp-json\/wp\/v2\/comments?post=26491"}],"version-history":[{"count":0,"href":"https:\/\/plazajuarez.mx\/historico\/wp-json\/wp\/v2\/posts\/26491\/revisions"}],"wp:attachment":[{"href":"https:\/\/plazajuarez.mx\/historico\/wp-json\/wp\/v2\/media?parent=26491"}],"wp:term":[{"taxonomy":"category","embeddable":true,"href":"https:\/\/plazajuarez.mx\/historico\/wp-json\/wp\/v2\/categories?post=26491"},{"taxonomy":"post_tag","embeddable":true,"href":"https:\/\/plazajuarez.mx\/historico\/wp-json\/wp\/v2\/tags?post=26491"}],"curies":[{"name":"wp","href":"https:\/\/api.w.org\/{rel}","templated":true}]}}