{"id":264814,"date":"2023-06-14T05:37:45","date_gmt":"2023-06-14T11:37:45","guid":{"rendered":"https:\/\/plazajuarez.mx\/?p=264814"},"modified":"2023-06-14T18:06:48","modified_gmt":"2023-06-15T00:06:48","slug":"amparar_","status":"publish","type":"post","link":"https:\/\/plazajuarez.mx\/historico\/amparar_\/","title":{"rendered":"Rechazan en Corte amparar a t\u00edo de Palomino"},"content":{"rendered":"\n<p> La Suprema Corte de Justicia de la Naci\u00f3n (SCJN) rechaz\u00f3 amparar a Gustavo C\u00e1rdenas Fuentes, supuesto t\u00edo del exmando de la Polic\u00eda Federal, Luis C\u00e1rdenas Palomino, contra el pago de m\u00e1s de 300 millones de pesos acumulados desde el ejercicio fiscal de 2015.<\/p>\n\n\n\n<p>Luego que el presidente Andr\u00e9s Manuel L\u00f3pez Obrador revelara el asunto en su ma\u00f1anera de este mi\u00e9rcoles, los ministros de la Segunda Sala, Yasm\u00edn Esquivel Mossa, Loretta Ortiz Ahlf, Javier Laynez Potisek y Alberto P\u00e9rez Day\u00e1n dejaron solo a hom\u00f3logo Luis Mar\u00eda Aguilar Morales, quien propuso otorgar la protecci\u00f3n de la justicia al empresario contra el Servicio de Administraci\u00f3n Tributaria (SAT).<\/p>\n\n\n\n<p>&#8220;El asunto no es aprobado&#8221;, anunci\u00f3 el presidente de la Segunda Sala de la SCJN, Alberto P\u00e9rez Day\u00e1n, quien orden\u00f3 regresar el asunto a la ministra Loretta Ortiz para que elabore un nuevo proyecto.<\/p>\n\n\n\n<p>De acuerdo con el titular de la Procuradur\u00eda Fiscal de la Federaci\u00f3n, Arturo Medina Padilla, C\u00e1rdenas Fuentes, supuesto t\u00edo de Luis C\u00e1rdenas Palomino, preso por tortura en el penal del Altiplano, se ampar\u00f3 en 2016 contra la revisi\u00f3n de sus cuentas bancarias por el SAT.<\/p>\n\n\n\n<p>Explic\u00f3 el funcionario, el Servicio de Administraci\u00f3n Tributaria detect\u00f3 que el empresario dej\u00f3 de pagar 163 millones de pesos desde 2015, cantidad que actualmente asciende a 342 millones de pesos con las actualizaciones correspondientes.<\/p>\n\n\n\n<p>&#8220;El se\u00f1or C\u00e1rdenas interpuso diversos recursos, desde juicio de nulidad ante el Tribunal Federal de Justicia Administrativa, juicios de amparo ante tribunal colegiado que finalmente lleg\u00f3 a la Suprema Corte de Justicia de la Naci\u00f3n&#8221;, revel\u00f3.<\/p>\n\n\n\n<p>&#8212;AMLO pide a ministro Aguilar que explique cambios<\/p>\n\n\n\n<p>El presidente Andr\u00e9s Manuel L\u00f3pez Obrador pidi\u00f3 al ministro Aguilar Morales que expliqu\u00e9 por qu\u00e9 cambi\u00f3 su criterio en proyecto de un amparo en favor Gustavo C\u00e1rdenas Fuentes, t\u00edo de Luis C\u00e1rdenas Palomino, mano derecha de Genaro Garc\u00eda Luna, y quien est\u00e1 involucrado en la trama de corrupci\u00f3n del exsecretario de Seguridad P\u00fablica.<\/p>\n\n\n\n<p>El SAT inici\u00f3 una revisi\u00f3n a las cuentas de C\u00e1rdenas Fuentes en 2016, pero interpuso un amparo para impedir la visita de la autoridad fiscal.<\/p>\n\n\n\n<p>&#8220;El ministro Aguilar, que dicho sea de paso porque tambi\u00e9n debe saberse es del bloque conservador, present\u00f3 tres proyectos, proponiendo desechar el recurso de revisi\u00f3n, en esta instancia, perdi\u00f3 el se\u00f1or, y se fue a la Corte a una revisi\u00f3n, y originalmente porque hay un criterio establecido, el ministro Aguilar propone desechar el recurso, es decir resolver en contra de Palomino, esto lo hace el 10 de agosto.<\/p>\n\n\n\n<p>&#8220;Lo retira o no lo discuten y el 13 de octubre de 2022, vuelve a presentar otro proyecto tambi\u00e9n proponiendo desechar el recurso y de manera reciente el 19 de abril presenta otro en el mismo sentido, desechar, pero quien sabe bajo qu\u00e9 circunstancia, despu\u00e9s de estos tres proyectos, \u00e9l cambia y lo que van a discutir hoy ya no es desechar el recurso, sino favorecer al se\u00f1or C\u00e1rdenas Fuentes, entonces nada m\u00e1s que nos explique&#8221;, dijo.<\/p>\n","protected":false},"excerpt":{"rendered":"<p>La Suprema Corte de Justicia de la Naci\u00f3n (SCJN) rechaz\u00f3 amparar a Gustavo C\u00e1rdenas Fuentes, supuesto t\u00edo del exmando de la Polic\u00eda Federal, Luis C\u00e1rdenas Palomino, contra el pago de m\u00e1s de 300 millones de pesos acumulados desde el ejercicio fiscal de 2015. Luego que el presidente Andr\u00e9s Manuel L\u00f3pez Obrador revelara el asunto en [&hellip;]<\/p>\n","protected":false},"author":81,"featured_media":264815,"comment_status":"closed","ping_status":"closed","sticky":false,"template":"","format":"standard","meta":{"footnotes":""},"categories":[36],"tags":[],"class_list":["post-264814","post","type-post","status-publish","format-standard","has-post-thumbnail","hentry","category-nacion"],"_links":{"self":[{"href":"https:\/\/plazajuarez.mx\/historico\/wp-json\/wp\/v2\/posts\/264814","targetHints":{"allow":["GET"]}}],"collection":[{"href":"https:\/\/plazajuarez.mx\/historico\/wp-json\/wp\/v2\/posts"}],"about":[{"href":"https:\/\/plazajuarez.mx\/historico\/wp-json\/wp\/v2\/types\/post"}],"author":[{"embeddable":true,"href":"https:\/\/plazajuarez.mx\/historico\/wp-json\/wp\/v2\/users\/81"}],"replies":[{"embeddable":true,"href":"https:\/\/plazajuarez.mx\/historico\/wp-json\/wp\/v2\/comments?post=264814"}],"version-history":[{"count":0,"href":"https:\/\/plazajuarez.mx\/historico\/wp-json\/wp\/v2\/posts\/264814\/revisions"}],"wp:featuredmedia":[{"embeddable":true,"href":"https:\/\/plazajuarez.mx\/historico\/wp-json\/wp\/v2\/media\/264815"}],"wp:attachment":[{"href":"https:\/\/plazajuarez.mx\/historico\/wp-json\/wp\/v2\/media?parent=264814"}],"wp:term":[{"taxonomy":"category","embeddable":true,"href":"https:\/\/plazajuarez.mx\/historico\/wp-json\/wp\/v2\/categories?post=264814"},{"taxonomy":"post_tag","embeddable":true,"href":"https:\/\/plazajuarez.mx\/historico\/wp-json\/wp\/v2\/tags?post=264814"}],"curies":[{"name":"wp","href":"https:\/\/api.w.org\/{rel}","templated":true}]}}