{"id":264746,"date":"2023-06-14T09:33:00","date_gmt":"2023-06-14T15:33:00","guid":{"rendered":"https:\/\/plazajuarez.mx\/?p=264746"},"modified":"2023-06-14T12:30:52","modified_gmt":"2023-06-14T18:30:52","slug":"cultura-hidalgo-invita-a-la-obra-senorita-senorita","status":"publish","type":"post","link":"https:\/\/plazajuarez.mx\/historico\/cultura-hidalgo-invita-a-la-obra-senorita-senorita\/","title":{"rendered":"Cultura Hidalgo invita a la obra \u201cSe\u00f1orita, Se\u00f1orita\u201d"},"content":{"rendered":"\n<p>\u201cSe\u00f1orita, Se\u00f1orita\u201d, un cuento para toda la familia que lleva la intenci\u00f3n de ser una puerta al di\u00e1logo entre padres e hijos sobre las diversas formas en que el amor se manifiesta, invit\u00e1ndolos a que ampl\u00eden sus miradas al respeto por las \u201cdiferencias\u201d regresa al Teatro Guillermo Romo de Vivar.<br>La cita es el pr\u00f3ximo 30 de junio a las 18:00 horas, con una cuota de recuperaci\u00f3n de 80 pesos.<\/p>\n\n\n\n<p><strong>Una mirada de la obra<\/strong><\/p>\n\n\n\n<p>La direcci\u00f3n corre a cargo de Patricia Rodr\u00edguez, con adaptaci\u00f3n de Hugo R. G\u00f3mez, como parte del elenco, estar\u00e1n Karen Celis, Patricio \u00c1vila, Gabriela Ram\u00edrez, Olivia Mart\u00ednez, Anita Vel\u00e1zquez, Rafael Torres y Hugo R. G\u00f3mez.<br>La voz en off correr\u00e1 a cargo de C\u00e9sar Mata y la iluminaci\u00f3n por Issac Ch\u00e1vez.<\/p>\n\n\n\n<p>Los boletos se podr\u00e1n conseguir mediante la transferencia bancaria al n\u00famero de cuenta: 5201 1600 4627 5598 del banco Citibanamex.<\/p>\n","protected":false},"excerpt":{"rendered":"<p>\u201cSe\u00f1orita, Se\u00f1orita\u201d, un cuento para toda la familia que lleva la intenci\u00f3n de ser una puerta al di\u00e1logo entre padres e hijos sobre las diversas formas en que el amor se manifiesta, invit\u00e1ndolos a que ampl\u00eden sus miradas al respeto por las \u201cdiferencias\u201d regresa al Teatro Guillermo Romo de Vivar.La cita es el pr\u00f3ximo 30 [&hellip;]<\/p>\n","protected":false},"author":93,"featured_media":264748,"comment_status":"closed","ping_status":"closed","sticky":false,"template":"","format":"standard","meta":{"footnotes":""},"categories":[41],"tags":[],"class_list":["post-264746","post","type-post","status-publish","format-standard","has-post-thumbnail","hentry","category-arteria-cultural"],"_links":{"self":[{"href":"https:\/\/plazajuarez.mx\/historico\/wp-json\/wp\/v2\/posts\/264746","targetHints":{"allow":["GET"]}}],"collection":[{"href":"https:\/\/plazajuarez.mx\/historico\/wp-json\/wp\/v2\/posts"}],"about":[{"href":"https:\/\/plazajuarez.mx\/historico\/wp-json\/wp\/v2\/types\/post"}],"author":[{"embeddable":true,"href":"https:\/\/plazajuarez.mx\/historico\/wp-json\/wp\/v2\/users\/93"}],"replies":[{"embeddable":true,"href":"https:\/\/plazajuarez.mx\/historico\/wp-json\/wp\/v2\/comments?post=264746"}],"version-history":[{"count":0,"href":"https:\/\/plazajuarez.mx\/historico\/wp-json\/wp\/v2\/posts\/264746\/revisions"}],"wp:featuredmedia":[{"embeddable":true,"href":"https:\/\/plazajuarez.mx\/historico\/wp-json\/wp\/v2\/media\/264748"}],"wp:attachment":[{"href":"https:\/\/plazajuarez.mx\/historico\/wp-json\/wp\/v2\/media?parent=264746"}],"wp:term":[{"taxonomy":"category","embeddable":true,"href":"https:\/\/plazajuarez.mx\/historico\/wp-json\/wp\/v2\/categories?post=264746"},{"taxonomy":"post_tag","embeddable":true,"href":"https:\/\/plazajuarez.mx\/historico\/wp-json\/wp\/v2\/tags?post=264746"}],"curies":[{"name":"wp","href":"https:\/\/api.w.org\/{rel}","templated":true}]}}