{"id":264731,"date":"2023-06-14T09:33:51","date_gmt":"2023-06-14T15:33:51","guid":{"rendered":"https:\/\/plazajuarez.mx\/?p=264731"},"modified":"2023-06-14T09:33:55","modified_gmt":"2023-06-14T15:33:55","slug":"un-hombre-enfrenta-proceso-penal-por-abuso-sexual-y-violacion-equiparada","status":"publish","type":"post","link":"https:\/\/plazajuarez.mx\/historico\/un-hombre-enfrenta-proceso-penal-por-abuso-sexual-y-violacion-equiparada\/","title":{"rendered":"Un hombre enfrenta proceso penal por\u00a0abuso sexual y violaci\u00f3n equiparada"},"content":{"rendered":"\n<p>Agentes del Ministerio P\u00fablico adscritos a la Subprocuradur\u00eda Poniente, presentaron ante la autoridad judicial datos de prueba suficientes para conseguir la vinculaci\u00f3n a proceso de una persona identificada como M. J. H. S., por hechos que la ley sanciona como abuso sexual equiparado agravado y violaci\u00f3n equiparada agravada.<\/p>\n\n\n\n<p>El probable responsable era pareja sentimental de la mam\u00e1 de la v\u00edctima y le imputan hechos ocurridos en noviembre de 2022, en Tlahuelilpan, donde la agraviada sufri\u00f3 agresi\u00f3n sexual.<\/p>\n\n\n\n<p>Luego que la representaci\u00f3n social tuvo conocimiento de lo ocurrido, comenz\u00f3 las indagatorias y solicit\u00f3 la orden de aprehensi\u00f3n contra M. J. H. S., misma que fue ejecutada por agentes de la Divisi\u00f3n de Investigaci\u00f3n.<\/p>\n\n\n\n<p>En continuaci\u00f3n de la audiencia inicial, el juez de control dict\u00f3 para M. J. H. S., auto de vinculaci\u00f3n a proceso e impuso prisi\u00f3n preventiva y fij\u00f3 dos meses para cierre de investigaci\u00f3n.<\/p>\n","protected":false},"excerpt":{"rendered":"<p>Agentes del Ministerio P\u00fablico adscritos a la Subprocuradur\u00eda Poniente, presentaron ante la autoridad judicial datos de prueba suficientes para conseguir la vinculaci\u00f3n a proceso de una persona identificada como M. J. H. S., por hechos que la ley sanciona como abuso sexual equiparado agravado y violaci\u00f3n equiparada agravada. El probable responsable era pareja sentimental de [&hellip;]<\/p>\n","protected":false},"author":93,"featured_media":264736,"comment_status":"closed","ping_status":"closed","sticky":false,"template":"","format":"standard","meta":{"footnotes":""},"categories":[37],"tags":[],"class_list":["post-264731","post","type-post","status-publish","format-standard","has-post-thumbnail","hentry","category-barandilla"],"_links":{"self":[{"href":"https:\/\/plazajuarez.mx\/historico\/wp-json\/wp\/v2\/posts\/264731","targetHints":{"allow":["GET"]}}],"collection":[{"href":"https:\/\/plazajuarez.mx\/historico\/wp-json\/wp\/v2\/posts"}],"about":[{"href":"https:\/\/plazajuarez.mx\/historico\/wp-json\/wp\/v2\/types\/post"}],"author":[{"embeddable":true,"href":"https:\/\/plazajuarez.mx\/historico\/wp-json\/wp\/v2\/users\/93"}],"replies":[{"embeddable":true,"href":"https:\/\/plazajuarez.mx\/historico\/wp-json\/wp\/v2\/comments?post=264731"}],"version-history":[{"count":0,"href":"https:\/\/plazajuarez.mx\/historico\/wp-json\/wp\/v2\/posts\/264731\/revisions"}],"wp:featuredmedia":[{"embeddable":true,"href":"https:\/\/plazajuarez.mx\/historico\/wp-json\/wp\/v2\/media\/264736"}],"wp:attachment":[{"href":"https:\/\/plazajuarez.mx\/historico\/wp-json\/wp\/v2\/media?parent=264731"}],"wp:term":[{"taxonomy":"category","embeddable":true,"href":"https:\/\/plazajuarez.mx\/historico\/wp-json\/wp\/v2\/categories?post=264731"},{"taxonomy":"post_tag","embeddable":true,"href":"https:\/\/plazajuarez.mx\/historico\/wp-json\/wp\/v2\/tags?post=264731"}],"curies":[{"name":"wp","href":"https:\/\/api.w.org\/{rel}","templated":true}]}}