{"id":264687,"date":"2023-06-13T22:21:08","date_gmt":"2023-06-14T04:21:08","guid":{"rendered":"https:\/\/plazajuarez.mx\/?p=264687"},"modified":"2023-06-13T22:21:13","modified_gmt":"2023-06-14T04:21:13","slug":"importante-limpieza-de-calles-y-azoteas-para-evitar-inundaciones","status":"publish","type":"post","link":"https:\/\/plazajuarez.mx\/historico\/importante-limpieza-de-calles-y-azoteas-para-evitar-inundaciones\/","title":{"rendered":"Importante limpieza de calles y azoteas para evitar inundaciones"},"content":{"rendered":"\n<p>El titular de la subsecretar\u00eda de Protecci\u00f3n Civil y Gesti\u00f3n de Riesgos del Gobierno del Estado, Francisco Quijas Cruz, invit\u00f3 a la poblaci\u00f3n a realizar actividades de limpieza en calles y azoteas para evitar inundaciones.<\/p>\n\n\n\n<p>Dijo: \u201csolicitamos el apoyo de la poblaci\u00f3n para no tirar basura en las coladeras, que barran sus calles, si quieren evitarse problemas de anegamientos, de que el agua pueda subir arriba del nivel de la banqueta e introducirse a sus viviendas\u201d.<\/p>\n\n\n\n<p>Lo anterior ante la temporada de lluvias que inici\u00f3 el pasado 15 de mayo, por ello agreg\u00f3: \u201ctengan cuidado con sus coladeras, barran azoteas y cuiden a las mascotas que est\u00e1n en la parte externa de las viviendas y que los han dejado abandonadas, da tristeza de que los animales se espantan con los truenos, con el granizo y es desesperante como se golpean al quererse proteger\u201d.<\/p>\n\n\n\n<p>Quijas Cruz tambi\u00e9n recomend\u00f3 a los automovilistas a manejar con precauci\u00f3n, principalmente para aquellos que transitan por las regiones de la sierra, ante los posibles derrumbes.<\/p>\n\n\n\n<p>Apunt\u00f3: \u201clas personas que manejan en la sierra de Jacala, Chapulhuac\u00e1n, en Molango, todo lo que es la Sierra Alta y Gorda que lo hagan con precauci\u00f3n, los derrumbes pueden presentarse en cualquier momento, sobre todo cuando hay vientos fuertes y tormentas el\u00e9ctricas\u201d.<\/p>\n\n\n\n<p>Adem\u00e1s, agreg\u00f3: \u201cpara los que manejan en las avenidas, si circulan por las partes donde hay l\u00e1minas, que lo hagan con precauci\u00f3n, las l\u00e1minas vuelan y pueden provocar accidentes\u201d.<\/p>\n","protected":false},"excerpt":{"rendered":"<p>El titular de la subsecretar\u00eda de Protecci\u00f3n Civil y Gesti\u00f3n de Riesgos del Gobierno del Estado, Francisco Quijas Cruz, invit\u00f3 a la poblaci\u00f3n a realizar actividades de limpieza en calles y azoteas para evitar inundaciones. Dijo: \u201csolicitamos el apoyo de la poblaci\u00f3n para no tirar basura en las coladeras, que barran sus calles, si quieren [&hellip;]<\/p>\n","protected":false},"author":73,"featured_media":264689,"comment_status":"closed","ping_status":"closed","sticky":false,"template":"","format":"standard","meta":{"footnotes":""},"categories":[59,2159],"tags":[],"class_list":["post-264687","post","type-post","status-publish","format-standard","has-post-thumbnail","hentry","category-general","category-noticias-de-hidalgo"],"_links":{"self":[{"href":"https:\/\/plazajuarez.mx\/historico\/wp-json\/wp\/v2\/posts\/264687","targetHints":{"allow":["GET"]}}],"collection":[{"href":"https:\/\/plazajuarez.mx\/historico\/wp-json\/wp\/v2\/posts"}],"about":[{"href":"https:\/\/plazajuarez.mx\/historico\/wp-json\/wp\/v2\/types\/post"}],"author":[{"embeddable":true,"href":"https:\/\/plazajuarez.mx\/historico\/wp-json\/wp\/v2\/users\/73"}],"replies":[{"embeddable":true,"href":"https:\/\/plazajuarez.mx\/historico\/wp-json\/wp\/v2\/comments?post=264687"}],"version-history":[{"count":0,"href":"https:\/\/plazajuarez.mx\/historico\/wp-json\/wp\/v2\/posts\/264687\/revisions"}],"wp:featuredmedia":[{"embeddable":true,"href":"https:\/\/plazajuarez.mx\/historico\/wp-json\/wp\/v2\/media\/264689"}],"wp:attachment":[{"href":"https:\/\/plazajuarez.mx\/historico\/wp-json\/wp\/v2\/media?parent=264687"}],"wp:term":[{"taxonomy":"category","embeddable":true,"href":"https:\/\/plazajuarez.mx\/historico\/wp-json\/wp\/v2\/categories?post=264687"},{"taxonomy":"post_tag","embeddable":true,"href":"https:\/\/plazajuarez.mx\/historico\/wp-json\/wp\/v2\/tags?post=264687"}],"curies":[{"name":"wp","href":"https:\/\/api.w.org\/{rel}","templated":true}]}}