{"id":264680,"date":"2023-06-13T22:13:34","date_gmt":"2023-06-14T04:13:34","guid":{"rendered":"https:\/\/plazajuarez.mx\/?p=264680"},"modified":"2023-06-13T22:13:38","modified_gmt":"2023-06-14T04:13:38","slug":"pide-alejandro-enciso-que-se-atienda-la-crisis-hidrica-en-la-laguna-de-metztitlan","status":"publish","type":"post","link":"https:\/\/plazajuarez.mx\/historico\/pide-alejandro-enciso-que-se-atienda-la-crisis-hidrica-en-la-laguna-de-metztitlan\/","title":{"rendered":"Pide Alejandro Enciso que se atienda la\u00a0crisis h\u00eddrica en la laguna de Metztitl\u00e1n\u00a0"},"content":{"rendered":"\n<p>Alejandro Enciso Arellano, diputado local de la fracci\u00f3n del Partido Revolucionario Institucional (PRI) propuso diversos exhortos para atender la crisis h\u00eddrica que se vive en la regi\u00f3n de la Laguna de Metztitl\u00e1n, y exhort\u00f3 a sus hom\u00f3logos a sumarse para atender a los diversos sectores que se ven afectados tras haberse secado dicho cuerpo de agua.<\/p>\n\n\n\n<p>\u201cSu apoyo y respaldo son fundamentales, no solo para las y los habitantes de esta importante zona de nuestro estado, sino para los hidalguenses en su conjunto; est\u00e1 en nuestras manos, que m\u00e1s generaciones de pescadores sigan con esta noble profesi\u00f3n. Aqu\u00ed est\u00e1n, estos hombres, con sus esperanzas puestas en nosotros, con el sue\u00f1o de volver a ver productiva a esa gran leyenda de la Laguna de Metztitl\u00e1n\u201d, dijo.<\/p>\n\n\n\n<p>Por lo que propuso exhortar a la Comisi\u00f3n Nacional del Agua, para que en el ejercicio de sus facultades, ejecute las acciones necesarias para encontrar una soluci\u00f3n a la problem\u00e1tica de escasez de agua que se vive en Laguna de Metztitl\u00e1n; as\u00ed mismo, al Instituto Nacional de Ecolog\u00eda y Cambio Clim\u00e1tico para que realice investigaci\u00f3n cient\u00edfica en la Reserva de la Biosfera de la Barranca de Metztitl\u00e1n, para conocer la problem\u00e1tica y se emitan recomendaciones para la conservaci\u00f3n y el aprovechamiento sustentable del agua en esa regi\u00f3n.<\/p>\n\n\n\n<p>Por otra parte, exhort\u00f3 tambi\u00e9n al Instituto Mexicano de Tecnolog\u00eda del Agua, para que realice investigaci\u00f3n en materia de: Seguridad H\u00eddrica, Calidad del Agua y Ecolog\u00eda, Sistemas H\u00eddricos, as\u00ed como de Gobernanza del Agua, a efecto de proponer una pol\u00edtica que ayude a la soluci\u00f3n de la crisis h\u00eddrica en la Laguna de Metztitl\u00e1n; y continu\u00f3 con la Secretar\u00eda de Agricultura y Desarrollo Rural, del Gobierno Federal y Estatal, para que implementen un programa emergente de empleo para apoyar a los productores agr\u00edcolas y pesqueros afectados.<\/p>\n\n\n\n<p>Lo anterior, tras dialogar con l\u00edderes pescadores que externaron su preocupaci\u00f3n por las actuales condiciones de sequ\u00eda que se presentan desde hace a\u00f1os, y que les impide poder desarrollar su profesi\u00f3n y con ello, generar econom\u00eda para ellos y sus familias.<\/p>\n","protected":false},"excerpt":{"rendered":"<p>Alejandro Enciso Arellano, diputado local de la fracci\u00f3n del Partido Revolucionario Institucional (PRI) propuso diversos exhortos para atender la crisis h\u00eddrica que se vive en la regi\u00f3n de la Laguna de Metztitl\u00e1n, y exhort\u00f3 a sus hom\u00f3logos a sumarse para atender a los diversos sectores que se ven afectados tras haberse secado dicho cuerpo de [&hellip;]<\/p>\n","protected":false},"author":72,"featured_media":264684,"comment_status":"closed","ping_status":"closed","sticky":false,"template":"","format":"standard","meta":{"footnotes":""},"categories":[59,2159],"tags":[],"class_list":["post-264680","post","type-post","status-publish","format-standard","has-post-thumbnail","hentry","category-general","category-noticias-de-hidalgo"],"_links":{"self":[{"href":"https:\/\/plazajuarez.mx\/historico\/wp-json\/wp\/v2\/posts\/264680","targetHints":{"allow":["GET"]}}],"collection":[{"href":"https:\/\/plazajuarez.mx\/historico\/wp-json\/wp\/v2\/posts"}],"about":[{"href":"https:\/\/plazajuarez.mx\/historico\/wp-json\/wp\/v2\/types\/post"}],"author":[{"embeddable":true,"href":"https:\/\/plazajuarez.mx\/historico\/wp-json\/wp\/v2\/users\/72"}],"replies":[{"embeddable":true,"href":"https:\/\/plazajuarez.mx\/historico\/wp-json\/wp\/v2\/comments?post=264680"}],"version-history":[{"count":0,"href":"https:\/\/plazajuarez.mx\/historico\/wp-json\/wp\/v2\/posts\/264680\/revisions"}],"wp:featuredmedia":[{"embeddable":true,"href":"https:\/\/plazajuarez.mx\/historico\/wp-json\/wp\/v2\/media\/264684"}],"wp:attachment":[{"href":"https:\/\/plazajuarez.mx\/historico\/wp-json\/wp\/v2\/media?parent=264680"}],"wp:term":[{"taxonomy":"category","embeddable":true,"href":"https:\/\/plazajuarez.mx\/historico\/wp-json\/wp\/v2\/categories?post=264680"},{"taxonomy":"post_tag","embeddable":true,"href":"https:\/\/plazajuarez.mx\/historico\/wp-json\/wp\/v2\/tags?post=264680"}],"curies":[{"name":"wp","href":"https:\/\/api.w.org\/{rel}","templated":true}]}}