{"id":264672,"date":"2023-06-13T15:13:45","date_gmt":"2023-06-13T21:13:45","guid":{"rendered":"https:\/\/plazajuarez.mx\/?p=264672"},"modified":"2023-06-13T15:13:50","modified_gmt":"2023-06-13T21:13:50","slug":"adan_","status":"publish","type":"post","link":"https:\/\/plazajuarez.mx\/historico\/adan_\/","title":{"rendered":"Ad\u00e1n Augusto L\u00f3pez informa de su renuncia a Gobernaci\u00f3n"},"content":{"rendered":"\n<p> Ad\u00e1n Augusto L\u00f3pez Hern\u00e1ndez, secretario de Gobernaci\u00f3n, anunci\u00f3 que este viernes 16 de junio presentar\u00e1 su renuncia al cargo y el lunes comenzar\u00e1 un recorrido por el pa\u00eds para buscar la candidatura de Morena a la Presidencia en 2024.<\/p>\n\n\n\n<p>El anuncio de L\u00f3pez Hern\u00e1ndez se da tras una reuni\u00f3n del gabinete legal y ampliado con el presidente Andr\u00e9s Manuel L\u00f3pez Obrador en Palacio Nacional.<\/p>\n","protected":false},"excerpt":{"rendered":"<p>Ad\u00e1n Augusto L\u00f3pez Hern\u00e1ndez, secretario de Gobernaci\u00f3n, anunci\u00f3 que este viernes 16 de junio presentar\u00e1 su renuncia al cargo y el lunes comenzar\u00e1 un recorrido por el pa\u00eds para buscar la candidatura de Morena a la Presidencia en 2024. El anuncio de L\u00f3pez Hern\u00e1ndez se da tras una reuni\u00f3n del gabinete legal y ampliado con [&hellip;]<\/p>\n","protected":false},"author":81,"featured_media":264673,"comment_status":"closed","ping_status":"closed","sticky":false,"template":"","format":"standard","meta":{"footnotes":""},"categories":[15,59,36],"tags":[],"class_list":["post-264672","post","type-post","status-publish","format-standard","has-post-thumbnail","hentry","category-destacadas","category-general","category-nacion"],"_links":{"self":[{"href":"https:\/\/plazajuarez.mx\/historico\/wp-json\/wp\/v2\/posts\/264672","targetHints":{"allow":["GET"]}}],"collection":[{"href":"https:\/\/plazajuarez.mx\/historico\/wp-json\/wp\/v2\/posts"}],"about":[{"href":"https:\/\/plazajuarez.mx\/historico\/wp-json\/wp\/v2\/types\/post"}],"author":[{"embeddable":true,"href":"https:\/\/plazajuarez.mx\/historico\/wp-json\/wp\/v2\/users\/81"}],"replies":[{"embeddable":true,"href":"https:\/\/plazajuarez.mx\/historico\/wp-json\/wp\/v2\/comments?post=264672"}],"version-history":[{"count":0,"href":"https:\/\/plazajuarez.mx\/historico\/wp-json\/wp\/v2\/posts\/264672\/revisions"}],"wp:featuredmedia":[{"embeddable":true,"href":"https:\/\/plazajuarez.mx\/historico\/wp-json\/wp\/v2\/media\/264673"}],"wp:attachment":[{"href":"https:\/\/plazajuarez.mx\/historico\/wp-json\/wp\/v2\/media?parent=264672"}],"wp:term":[{"taxonomy":"category","embeddable":true,"href":"https:\/\/plazajuarez.mx\/historico\/wp-json\/wp\/v2\/categories?post=264672"},{"taxonomy":"post_tag","embeddable":true,"href":"https:\/\/plazajuarez.mx\/historico\/wp-json\/wp\/v2\/tags?post=264672"}],"curies":[{"name":"wp","href":"https:\/\/api.w.org\/{rel}","templated":true}]}}