{"id":264669,"date":"2023-06-13T15:08:43","date_gmt":"2023-06-13T21:08:43","guid":{"rendered":"https:\/\/plazajuarez.mx\/?p=264669"},"modified":"2023-06-13T15:08:47","modified_gmt":"2023-06-13T21:08:47","slug":"trump_-5","status":"publish","type":"post","link":"https:\/\/plazajuarez.mx\/historico\/trump_-5\/","title":{"rendered":"Trump, acusado de 37 cargos federales por documentos clasificados"},"content":{"rendered":"\n<p>El expresidente de Estados Unidos Donald Trump fue imputado este martes de 37 cargos federales por supuestamente haber retenido y ocultado documentos secretos en su casa de Florida.<\/p>\n\n\n\n<p>A Trump, quien va a la cabeza de las encuestas con miras a las presidenciales de 2024, se le tomaron huellas digitales y luego el juez Jonathan Goodman le ley\u00f3 los cargos que se le imputan: 31 de ellos corresponden al delito tipificado como retenci\u00f3n deliberada de informaci\u00f3n de defensa nacional.<\/p>\n\n\n\n<p>Los otros son por conspiraci\u00f3n para obstruir a la Justicia, ocultaci\u00f3n de manera &#8220;corrupta&#8221; de un documento o registro, ocultaci\u00f3n de un documento en una investigaci\u00f3n federal, plan para ocultar y declaraci\u00f3n y representaci\u00f3n falsas.<\/p>\n\n\n\n<p>Seg\u00fan el documento de 49 p\u00e1ginas que recoge la acusaci\u00f3n, los delitos m\u00e1s graves que se le imputan a Trump, como obstrucci\u00f3n a la Justicia y conspiraci\u00f3n, est\u00e1n penados con un m\u00e1ximo de 20 a\u00f1os de c\u00e1rcel y multas de hasta 250 mil d\u00f3lares, mientras que los menos graves, como conspiraci\u00f3n para ocultar, son sancionados con 5 a\u00f1os de c\u00e1rcel y la misma sanci\u00f3n econ\u00f3mica.<\/p>\n","protected":false},"excerpt":{"rendered":"<p>El expresidente de Estados Unidos Donald Trump fue imputado este martes de 37 cargos federales por supuestamente haber retenido y ocultado documentos secretos en su casa de Florida. A Trump, quien va a la cabeza de las encuestas con miras a las presidenciales de 2024, se le tomaron huellas digitales y luego el juez Jonathan [&hellip;]<\/p>\n","protected":false},"author":81,"featured_media":264670,"comment_status":"closed","ping_status":"closed","sticky":false,"template":"","format":"standard","meta":{"footnotes":""},"categories":[15,31],"tags":[],"class_list":["post-264669","post","type-post","status-publish","format-standard","has-post-thumbnail","hentry","category-destacadas","category-orbe"],"_links":{"self":[{"href":"https:\/\/plazajuarez.mx\/historico\/wp-json\/wp\/v2\/posts\/264669","targetHints":{"allow":["GET"]}}],"collection":[{"href":"https:\/\/plazajuarez.mx\/historico\/wp-json\/wp\/v2\/posts"}],"about":[{"href":"https:\/\/plazajuarez.mx\/historico\/wp-json\/wp\/v2\/types\/post"}],"author":[{"embeddable":true,"href":"https:\/\/plazajuarez.mx\/historico\/wp-json\/wp\/v2\/users\/81"}],"replies":[{"embeddable":true,"href":"https:\/\/plazajuarez.mx\/historico\/wp-json\/wp\/v2\/comments?post=264669"}],"version-history":[{"count":0,"href":"https:\/\/plazajuarez.mx\/historico\/wp-json\/wp\/v2\/posts\/264669\/revisions"}],"wp:featuredmedia":[{"embeddable":true,"href":"https:\/\/plazajuarez.mx\/historico\/wp-json\/wp\/v2\/media\/264670"}],"wp:attachment":[{"href":"https:\/\/plazajuarez.mx\/historico\/wp-json\/wp\/v2\/media?parent=264669"}],"wp:term":[{"taxonomy":"category","embeddable":true,"href":"https:\/\/plazajuarez.mx\/historico\/wp-json\/wp\/v2\/categories?post=264669"},{"taxonomy":"post_tag","embeddable":true,"href":"https:\/\/plazajuarez.mx\/historico\/wp-json\/wp\/v2\/tags?post=264669"}],"curies":[{"name":"wp","href":"https:\/\/api.w.org\/{rel}","templated":true}]}}