{"id":264666,"date":"2023-06-14T05:42:19","date_gmt":"2023-06-14T11:42:19","guid":{"rendered":"https:\/\/plazajuarez.mx\/?p=264666"},"modified":"2023-06-14T05:42:19","modified_gmt":"2023-06-14T11:42:19","slug":"omar-fayad","status":"publish","type":"post","link":"https:\/\/plazajuarez.mx\/historico\/omar-fayad\/","title":{"rendered":"Capturan a exfuncionario de la Oficial\u00eda Mayor del gobierno de Omar Fayad"},"content":{"rendered":"\n<p>Mediante labores de inteligencia y seguimiento, agentes de la Divisi\u00f3n de Investigaci\u00f3n de la Agencia de Investigaci\u00f3n Criminal de la Procuradur\u00eda General de Justicia del Estado de Hidalgo (PGJEH), aprendieron la ma\u00f1ana de este martes a una persona del g\u00e9nero masculino que se identific\u00f3 con las iniciales \u201cV\u201d \u201cE\u201d \u201cP\u201d \u201cO\u201d, quien es investigado por el presunto delito de peculado agravado y se le imputa estar relacionado con el desv\u00edo de un monto superior a los 18 millones de pesos, del caso conocido como \u201cLa estafa Siniestra\u201d.<\/p>\n\n\n\n<p>De acuerdo a la informaci\u00f3n que dio la dependencia encargada de procurar justicia en Hidalgo, la orden de aprehensi\u00f3n fue realizada sobre el bulevar Ram\u00f3n G. Bonfil de Pachuca, por lo que de ah\u00ed fue trasladado al \u00e1rea de retenci\u00f3n primaria, donde el Ministerio P\u00fablico solicit\u00f3 a la autoridad judicial que se fije la fecha y hora, para la realizaci\u00f3n de la audiencia inicial con la finalidad de que esa representaci\u00f3n social formule la imputaci\u00f3n correspondiente.<\/p>\n\n\n\n<p>Se sabe que los hechos investigados, ocurrieron mientras \u00e9l ahora detenido se desempe\u00f1aba como director general de Recursos Materiales y Servicios, dependiente de la Oficial\u00eda Mayor del gobierno de Hidalgo, durante la administraci\u00f3n p\u00fablica estatal anterior.<\/p>\n\n\n\n<p>Finalmente, se estableci\u00f3 que el recurso econ\u00f3mico motivo de la investigaci\u00f3n, estaba destinado a la compra de insumos para atender la contingencia de salud p\u00fablica por la pandemia de Covid -19.<\/p>\n","protected":false},"excerpt":{"rendered":"<p>Mediante labores de inteligencia y seguimiento, agentes de la Divisi\u00f3n de Investigaci\u00f3n de la Agencia de Investigaci\u00f3n Criminal de la Procuradur\u00eda General de Justicia del Estado de Hidalgo (PGJEH), aprendieron la ma\u00f1ana de este martes a una persona del g\u00e9nero masculino que se identific\u00f3 con las iniciales \u201cV\u201d \u201cE\u201d \u201cP\u201d \u201cO\u201d, quien es investigado por [&hellip;]<\/p>\n","protected":false},"author":81,"featured_media":264667,"comment_status":"closed","ping_status":"closed","sticky":false,"template":"","format":"standard","meta":{"footnotes":""},"categories":[37,15,59,2159],"tags":[],"class_list":["post-264666","post","type-post","status-publish","format-standard","has-post-thumbnail","hentry","category-barandilla","category-destacadas","category-general","category-noticias-de-hidalgo"],"_links":{"self":[{"href":"https:\/\/plazajuarez.mx\/historico\/wp-json\/wp\/v2\/posts\/264666","targetHints":{"allow":["GET"]}}],"collection":[{"href":"https:\/\/plazajuarez.mx\/historico\/wp-json\/wp\/v2\/posts"}],"about":[{"href":"https:\/\/plazajuarez.mx\/historico\/wp-json\/wp\/v2\/types\/post"}],"author":[{"embeddable":true,"href":"https:\/\/plazajuarez.mx\/historico\/wp-json\/wp\/v2\/users\/81"}],"replies":[{"embeddable":true,"href":"https:\/\/plazajuarez.mx\/historico\/wp-json\/wp\/v2\/comments?post=264666"}],"version-history":[{"count":0,"href":"https:\/\/plazajuarez.mx\/historico\/wp-json\/wp\/v2\/posts\/264666\/revisions"}],"wp:featuredmedia":[{"embeddable":true,"href":"https:\/\/plazajuarez.mx\/historico\/wp-json\/wp\/v2\/media\/264667"}],"wp:attachment":[{"href":"https:\/\/plazajuarez.mx\/historico\/wp-json\/wp\/v2\/media?parent=264666"}],"wp:term":[{"taxonomy":"category","embeddable":true,"href":"https:\/\/plazajuarez.mx\/historico\/wp-json\/wp\/v2\/categories?post=264666"},{"taxonomy":"post_tag","embeddable":true,"href":"https:\/\/plazajuarez.mx\/historico\/wp-json\/wp\/v2\/tags?post=264666"}],"curies":[{"name":"wp","href":"https:\/\/api.w.org\/{rel}","templated":true}]}}