{"id":264660,"date":"2023-06-13T14:14:35","date_gmt":"2023-06-13T20:14:35","guid":{"rendered":"https:\/\/plazajuarez.mx\/?p=264660"},"modified":"2023-06-13T14:14:39","modified_gmt":"2023-06-13T20:14:39","slug":"calor_","status":"publish","type":"post","link":"https:\/\/plazajuarez.mx\/historico\/calor_\/","title":{"rendered":"CDMX cambia a Alerta Naranja por temperaturas altas en 10 alcald\u00edas"},"content":{"rendered":"\n<p> La Secretar\u00eda de Gesti\u00f3n Integral de Riesgos y Protecci\u00f3n Civil (SGIRPC) activ\u00f3 la Alerta Naranja por temperaturas altas para la tarde de este martes en al menos 10 alcald\u00edas.<\/p>\n\n\n\n<p>Y es que el calor excesivo se sentir\u00e1 m\u00e1s en Azcapotzalco, Benito Ju\u00e1rez, Cuauht\u00e9moc, Gustavo A. Madero, Iztacalco, Iztapalapa, Miguel Hidalgo, Tl\u00e1huac, Tlalpan y Venustiano Carranza.<\/p>\n\n\n\n<p>Adem\u00e1s, actualizaron Alerta Amarilla por pron\u00f3stico de temperaturas altas para \u00c1lvaro Obreg\u00f3n, Coyoac\u00e1n, Cuajimalpa, Magdalena Contreras, Milpa Alta y Xochimilco.<\/p>\n\n\n\n<p>Pidieron a la poblaci\u00f3n usar bloqueador, ropa con colores claros, no comer en la calle y procurar no exponerse al sol.<\/p>\n","protected":false},"excerpt":{"rendered":"<p>La Secretar\u00eda de Gesti\u00f3n Integral de Riesgos y Protecci\u00f3n Civil (SGIRPC) activ\u00f3 la Alerta Naranja por temperaturas altas para la tarde de este martes en al menos 10 alcald\u00edas. Y es que el calor excesivo se sentir\u00e1 m\u00e1s en Azcapotzalco, Benito Ju\u00e1rez, Cuauht\u00e9moc, Gustavo A. Madero, Iztacalco, Iztapalapa, Miguel Hidalgo, Tl\u00e1huac, Tlalpan y Venustiano Carranza. [&hellip;]<\/p>\n","protected":false},"author":81,"featured_media":264661,"comment_status":"closed","ping_status":"closed","sticky":false,"template":"","format":"standard","meta":{"footnotes":""},"categories":[15,36,2160],"tags":[],"class_list":["post-264660","post","type-post","status-publish","format-standard","has-post-thumbnail","hentry","category-destacadas","category-nacion","category-noticias-de-la-ciudad-de-mexico"],"_links":{"self":[{"href":"https:\/\/plazajuarez.mx\/historico\/wp-json\/wp\/v2\/posts\/264660","targetHints":{"allow":["GET"]}}],"collection":[{"href":"https:\/\/plazajuarez.mx\/historico\/wp-json\/wp\/v2\/posts"}],"about":[{"href":"https:\/\/plazajuarez.mx\/historico\/wp-json\/wp\/v2\/types\/post"}],"author":[{"embeddable":true,"href":"https:\/\/plazajuarez.mx\/historico\/wp-json\/wp\/v2\/users\/81"}],"replies":[{"embeddable":true,"href":"https:\/\/plazajuarez.mx\/historico\/wp-json\/wp\/v2\/comments?post=264660"}],"version-history":[{"count":0,"href":"https:\/\/plazajuarez.mx\/historico\/wp-json\/wp\/v2\/posts\/264660\/revisions"}],"wp:featuredmedia":[{"embeddable":true,"href":"https:\/\/plazajuarez.mx\/historico\/wp-json\/wp\/v2\/media\/264661"}],"wp:attachment":[{"href":"https:\/\/plazajuarez.mx\/historico\/wp-json\/wp\/v2\/media?parent=264660"}],"wp:term":[{"taxonomy":"category","embeddable":true,"href":"https:\/\/plazajuarez.mx\/historico\/wp-json\/wp\/v2\/categories?post=264660"},{"taxonomy":"post_tag","embeddable":true,"href":"https:\/\/plazajuarez.mx\/historico\/wp-json\/wp\/v2\/tags?post=264660"}],"curies":[{"name":"wp","href":"https:\/\/api.w.org\/{rel}","templated":true}]}}