{"id":264657,"date":"2023-06-13T14:10:07","date_gmt":"2023-06-13T20:10:07","guid":{"rendered":"https:\/\/plazajuarez.mx\/?p=264657"},"modified":"2023-06-13T14:10:11","modified_gmt":"2023-06-13T20:10:11","slug":"hugo_","status":"publish","type":"post","link":"https:\/\/plazajuarez.mx\/historico\/hugo_\/","title":{"rendered":"Alerta por compa\u00f1\u00edas que hacen &#8220;raves&#8221; para inducir a las drogas"},"content":{"rendered":"\n<p>Hugo L\u00f3pez-Gatell, subsecretario de Prevenci\u00f3n y Promoci\u00f3n de la Salud, se\u00f1al\u00f3 que hay situaciones en la vida de los j\u00f3venes que pueden hacer m\u00e1s favorable el consumo de drogas, como en fiestas organizadas por algunas compa\u00f1\u00edas.<\/p>\n\n\n\n<p>En la conferencia ma\u00f1anera de este martes en Palacio Nacional, L\u00f3pez Obrador dijo que las adicciones &#8220;no ocurren de la nada&#8221;, sino en contextos sociales donde hay marginaci\u00f3n, &#8220;deprivaci\u00f3n&#8221; y abandono: &#8220;Y eso se explica por las pol\u00edticas que se han tenido, se tuvieron durante d\u00e9cadas, en donde la juventud import\u00f3 poco&#8221;.<\/p>\n\n\n\n<p>Ante L\u00f3pez Obrador, el subsecretario de Salud indic\u00f3 que &#8220;en la juventud hay una propensi\u00f3n a divertirse y socializar&#8221; porque esto significa el momento de la identificaci\u00f3n de roles sociales.<\/p>\n\n\n\n<p>&#8220;Esos espacios son tambi\u00e9n espacios de riesgo&#8221;, dijo L\u00f3pez-Gatell al alertar por el policonsumo de drogas, principalmente en mujeres y hombres j\u00f3venes.<\/p>\n\n\n\n<p>&#8212;-Drogas, &#8220;aquelarres&#8221; y &#8220;raves&#8221;<\/p>\n\n\n\n<p>En el Sal\u00f3n Tesorer\u00eda, L\u00f3pez-Gatell se\u00f1al\u00f3 &#8220;un acto intencional&#8221; de quien vende las drogas, principalmente las sint\u00e9ticas que tienen mayor impacto, como el \u00e9xtasis, la hero\u00edna o el LSD.<\/p>\n\n\n\n<p>&#8220;Un fen\u00f3meno que preocupa es que esas fiestas pueden ser organizadas por distintas personas, distintos grupos peque\u00f1os, medianos, grandes en el contexto de un plantel escolar, en el contexto de un grupo de amigos.<\/p>\n\n\n\n<p>&#8220;Pero un patr\u00f3n que ocurre en zonas suburbanas, en particular; urbanas y suburbanas, es que hay compa\u00f1\u00edas organizadoras de fiestas que una, y otra, y otra vez, en fines de semana o a veces entre semana organizan un tipo de fiestas que son unos aquelarres, que son durante toda la noche y la madrugada.<\/p>\n\n\n\n<p>&#8220;Popularmente se le conoce en la juventud como los raves, y estos eventos suelen estar como un espacio de inducci\u00f3n del consumo de drogas porque el estr\u00e9s org\u00e1nico y el estr\u00e9s sicol\u00f3gico al que est\u00e1n sometidos j\u00f3venes, hombres y mujeres, es intenso y es momento donde estas compa\u00f1\u00edas que organizan las fiestas, est\u00e1n esperando para llegar con estos paquetes, estos c\u00f3cteles de drogas&#8221;, expres\u00f3 L\u00f3pez-Gatell.<\/p>\n\n\n\n<p>Ante el presidente L\u00f3pez Obrador, el subsecretario de Salud alert\u00f3 por las diversas presentaciones de drogas que vienen en tachas, c\u00e1psulas o gotas.<\/p>\n\n\n\n<p>Llam\u00f3 a manejar tres ejes de trabajo en lo colectivo y en lo individual: afecto, comunicaci\u00f3n y l\u00edmites.<\/p>\n","protected":false},"excerpt":{"rendered":"<p>Hugo L\u00f3pez-Gatell, subsecretario de Prevenci\u00f3n y Promoci\u00f3n de la Salud, se\u00f1al\u00f3 que hay situaciones en la vida de los j\u00f3venes que pueden hacer m\u00e1s favorable el consumo de drogas, como en fiestas organizadas por algunas compa\u00f1\u00edas. En la conferencia ma\u00f1anera de este martes en Palacio Nacional, L\u00f3pez Obrador dijo que las adicciones &#8220;no ocurren de [&hellip;]<\/p>\n","protected":false},"author":81,"featured_media":264658,"comment_status":"closed","ping_status":"closed","sticky":false,"template":"","format":"standard","meta":{"footnotes":""},"categories":[15,36,2160],"tags":[],"class_list":["post-264657","post","type-post","status-publish","format-standard","has-post-thumbnail","hentry","category-destacadas","category-nacion","category-noticias-de-la-ciudad-de-mexico"],"_links":{"self":[{"href":"https:\/\/plazajuarez.mx\/historico\/wp-json\/wp\/v2\/posts\/264657","targetHints":{"allow":["GET"]}}],"collection":[{"href":"https:\/\/plazajuarez.mx\/historico\/wp-json\/wp\/v2\/posts"}],"about":[{"href":"https:\/\/plazajuarez.mx\/historico\/wp-json\/wp\/v2\/types\/post"}],"author":[{"embeddable":true,"href":"https:\/\/plazajuarez.mx\/historico\/wp-json\/wp\/v2\/users\/81"}],"replies":[{"embeddable":true,"href":"https:\/\/plazajuarez.mx\/historico\/wp-json\/wp\/v2\/comments?post=264657"}],"version-history":[{"count":0,"href":"https:\/\/plazajuarez.mx\/historico\/wp-json\/wp\/v2\/posts\/264657\/revisions"}],"wp:featuredmedia":[{"embeddable":true,"href":"https:\/\/plazajuarez.mx\/historico\/wp-json\/wp\/v2\/media\/264658"}],"wp:attachment":[{"href":"https:\/\/plazajuarez.mx\/historico\/wp-json\/wp\/v2\/media?parent=264657"}],"wp:term":[{"taxonomy":"category","embeddable":true,"href":"https:\/\/plazajuarez.mx\/historico\/wp-json\/wp\/v2\/categories?post=264657"},{"taxonomy":"post_tag","embeddable":true,"href":"https:\/\/plazajuarez.mx\/historico\/wp-json\/wp\/v2\/tags?post=264657"}],"curies":[{"name":"wp","href":"https:\/\/api.w.org\/{rel}","templated":true}]}}