{"id":264654,"date":"2023-06-13T14:05:23","date_gmt":"2023-06-13T20:05:23","guid":{"rendered":"https:\/\/plazajuarez.mx\/?p=264654"},"modified":"2023-06-13T14:05:27","modified_gmt":"2023-06-13T20:05:27","slug":"fentanilo_-2","status":"publish","type":"post","link":"https:\/\/plazajuarez.mx\/historico\/fentanilo_-2\/","title":{"rendered":"Gobierno de AMLO acumula 7.5toneladas de fentanilo decomisadas: Semar"},"content":{"rendered":"\n<p> En el marco del combate al tr\u00e1fico de fentanilo, el almirante Jos\u00e9 Rafael Ojeda Dur\u00e1n, titular de la Secretar\u00eda de Marina (Semar), inform\u00f3 que en los casi cinco a\u00f1os de gobierno del presidente Andr\u00e9s Manuel L\u00f3pez Obrador se han decomisado 7.5 mil kilogramos de esta sustancia.<\/p>\n\n\n\n<p>En el informe semanal del gabinete de seguridad, el almirante secretario detall\u00f3 que en lo que va del mes de junio se han decomisado tres kilogramos y mil 726 en este 2023.<\/p>\n\n\n\n<p>Frente al presidente L\u00f3pez Obrador, el titular de la Marina detall\u00f3 que, en cuanto a metanfetaminas, suman 129 kilogramos este mes y en lo que va el a\u00f1o 134 mil, mientras que desde el 1 de diciembre de 2018 suman 291 mil kilogramos.<\/p>\n\n\n\n<p>&#8220;En el mes de junio, (se ha decomisado) fentanilo 3 kilogramos, mil 726 kilogramos en el a\u00f1o y en total 7 mil 564 kilogramos. Metanfetaminas: 129 kilogramos en este mes, en lo que va el a\u00f1o 134 mil y en lo que va del sexenio 291 mil kilogramos&#8221;, inform\u00f3.<\/p>\n","protected":false},"excerpt":{"rendered":"<p>En el marco del combate al tr\u00e1fico de fentanilo, el almirante Jos\u00e9 Rafael Ojeda Dur\u00e1n, titular de la Secretar\u00eda de Marina (Semar), inform\u00f3 que en los casi cinco a\u00f1os de gobierno del presidente Andr\u00e9s Manuel L\u00f3pez Obrador se han decomisado 7.5 mil kilogramos de esta sustancia. En el informe semanal del gabinete de seguridad, el [&hellip;]<\/p>\n","protected":false},"author":81,"featured_media":264655,"comment_status":"closed","ping_status":"closed","sticky":false,"template":"","format":"standard","meta":{"footnotes":""},"categories":[15,36,2160],"tags":[],"class_list":["post-264654","post","type-post","status-publish","format-standard","has-post-thumbnail","hentry","category-destacadas","category-nacion","category-noticias-de-la-ciudad-de-mexico"],"_links":{"self":[{"href":"https:\/\/plazajuarez.mx\/historico\/wp-json\/wp\/v2\/posts\/264654","targetHints":{"allow":["GET"]}}],"collection":[{"href":"https:\/\/plazajuarez.mx\/historico\/wp-json\/wp\/v2\/posts"}],"about":[{"href":"https:\/\/plazajuarez.mx\/historico\/wp-json\/wp\/v2\/types\/post"}],"author":[{"embeddable":true,"href":"https:\/\/plazajuarez.mx\/historico\/wp-json\/wp\/v2\/users\/81"}],"replies":[{"embeddable":true,"href":"https:\/\/plazajuarez.mx\/historico\/wp-json\/wp\/v2\/comments?post=264654"}],"version-history":[{"count":0,"href":"https:\/\/plazajuarez.mx\/historico\/wp-json\/wp\/v2\/posts\/264654\/revisions"}],"wp:featuredmedia":[{"embeddable":true,"href":"https:\/\/plazajuarez.mx\/historico\/wp-json\/wp\/v2\/media\/264655"}],"wp:attachment":[{"href":"https:\/\/plazajuarez.mx\/historico\/wp-json\/wp\/v2\/media?parent=264654"}],"wp:term":[{"taxonomy":"category","embeddable":true,"href":"https:\/\/plazajuarez.mx\/historico\/wp-json\/wp\/v2\/categories?post=264654"},{"taxonomy":"post_tag","embeddable":true,"href":"https:\/\/plazajuarez.mx\/historico\/wp-json\/wp\/v2\/tags?post=264654"}],"curies":[{"name":"wp","href":"https:\/\/api.w.org\/{rel}","templated":true}]}}