{"id":264634,"date":"2023-06-13T13:44:54","date_gmt":"2023-06-13T19:44:54","guid":{"rendered":"https:\/\/plazajuarez.mx\/?p=264634"},"modified":"2023-06-13T13:44:58","modified_gmt":"2023-06-13T19:44:58","slug":"diputados_-3","status":"publish","type":"post","link":"https:\/\/plazajuarez.mx\/historico\/diputados_-3\/","title":{"rendered":"Diputados Federales de PRI y VA POR M\u00c9XICO presentan acci\u00f3n de inconstitucionalidad por decreto de extinci\u00f3n"},"content":{"rendered":"\n<p>\u2022 Vulnera los derechos a la seguridad alimentaria, a la tierra y a la propiedad; afectando de manera determinante a la sociedad mexicana.<br>\u2022 Tiene repercusiones, como el desplazamiento de comunidades rurales enteras y que abre las puertas al narcotr\u00e1fico en el sector.<br>\u2022 Este organismo lleg\u00f3 a acreditar a cerca de mill\u00f3n y medio de ejidatarios y m\u00e1s de 110 mil peque\u00f1os productores; mientras que, previo al cierre, los cr\u00e9ditos no superaban los 32 mil beneficiados.<\/p>\n\n\n\n<p>La desaparici\u00f3n de la Financiera Nacional de Desarrollo Agropecuario, Rural, Forestal y Pesquero, vulnera los derechos a la seguridad alimentaria, a la tierra y a la propiedad; afectando de manera determinante a la sociedad mexicana, por lo que las y los diputados federales del PRI, acompa\u00f1ados tambi\u00e9n por las firmas de legisladores de Acci\u00f3n Nacional y de la Revoluci\u00f3n Democr\u00e1tica, presentaron este lunes una acci\u00f3n de inconstitucionalidad ante la Suprema Corte de Justicia de la Naci\u00f3n (SCJN), por el decreto de extinci\u00f3n de dicha instituci\u00f3n.<\/p>\n\n\n\n<p>Tras aseverar que no se puede permitir que impunemente se consolide esa mala decisi\u00f3n, los legisladores expusieron que este organismo lleg\u00f3 a acreditar a cerca de mill\u00f3n y medio de ejidatarios y m\u00e1s de 110 mil peque\u00f1os productores; mientras que, previo al cierre, los cr\u00e9ditos no superaban los 32 mil beneficiados. De acuerdo con el Censo Agropecuario 2022, se\u00f1alaron, solo el 18 por ciento de las hect\u00e1reas de uso agr\u00edcola estaban sembradas, por la falta de cr\u00e9ditos y apoyo econ\u00f3mico.<\/p>\n\n\n\n<p>En conferencia de prensa, encabezada por la diputada federal y secretaria general del CEN priista, Carolina Viggiano, el decano de la C\u00e1mara de Diputados, Augusto G\u00f3mez y el vicecoordinador Marco Antonio Mendoza, los integrantes del Grupo Parlamentario coordinado por Rub\u00e9n Moreira, argumentaron que se viol\u00f3 el debido proceso legislativo, el derecho de participaci\u00f3n en el debate legislativo de las minor\u00edas, puesto que no se les permiti\u00f3 participar en un an\u00e1lisis y discusi\u00f3n real, abierto e informado de la iniciativa, con lo que se transgredieron los principios fundamentales de Legalidad, Progresividad, Certeza Jur\u00eddica y Transparencia.<\/p>\n\n\n\n<p>Con la participaci\u00f3n tambi\u00e9n de la diputada Mar\u00eda de Jes\u00fas Aguirre y el senador Mario Zamora, subrayaron que el dictamen se integr\u00f3 de manera precipitada en el orden del d\u00eda de la sesi\u00f3n; pues ilegalmente se dispensaron las lecturas, no circul\u00f3 con 24 horas de anticipaci\u00f3n y tampoco fue publicado en la gaceta con suficiente tiempo de anticipaci\u00f3n. Detallaron que adem\u00e1s de ser inconstitucional por sesionar en el Senado y votar la ley de manera nominal sin quorum legal, tambi\u00e9n se quebrant\u00f3 el Derecho a la alimentaci\u00f3n, generando discriminaci\u00f3n, pobreza, desigualdad y un conflicto de crisis alimentaria.<\/p>\n\n\n\n<p>Acompa\u00f1ados por representantes y l\u00edderes campesinos, evidenciaron los atropellos cometidos contra los miembros integrantes del Consejo Directivo de la misma Instituci\u00f3n, que representan a miles de campesinos, peque\u00f1os y medianos productores, as\u00ed como a los m\u00e1s de mil 842 trabajadores y cinco mil 800 jubilados y pensionados con conocimientos especializados.<\/p>\n\n\n\n<p>\u201cLos funcionarios p\u00fablicos designados a partir de 2018, quienes, de manera unilateral, opaca y sin la m\u00ednima conciencia o an\u00e1lisis, decidieron suspender de facto el otorgamiento y dispersi\u00f3n de cr\u00e9ditos a los productores desde el 15 de diciembre de 2022\u201d, agregaron en su reclamo los congresistas.<\/p>\n\n\n\n<p>Consideraron falsos los datos que ofrece el Ejecutivo Federal para justificar la extinci\u00f3n de la financiera, ya que, de acuerdo con sus propios Balances Generales publicados, si bien la financiera cuenta con un pasivo considerable, solamente representan el 36 por ciento con respecto al Activo Total.<\/p>\n\n\n\n<p>Enfatizaron que la desaparici\u00f3n de este organismo puede dificultar el acceso de los agricultores a financiamiento adecuado, lo que afectar\u00eda su capacidad para producir de manera suficiente y sostenible, pone en duda el apoyo t\u00e9cnico y su capacitaci\u00f3n; debilita el fomento al desarrollo rural integral, equitativo y sostenible, mientras que acrecienta la desigualdad en el acceso a recursos, beneficiando a aquellos con mayor poder econ\u00f3mico, dejando rezagados a los peque\u00f1os productores.<\/p>\n\n\n\n<p>\u201cEl cierre de la financiera tiene grandes repercusiones, como el desplazamiento de comunidades rurales enteras, abrir las puertas al control territorial del narcotr\u00e1fico en el sector, conducir al aumento de cultivos il\u00edcitos, como la marihuana, coca o la amapola, nos dejar\u00eda en una situaci\u00f3n de mayor vulnerabilidad socioecon\u00f3mica\u201d, destacaron.<\/p>\n","protected":false},"excerpt":{"rendered":"<p>\u2022 Vulnera los derechos a la seguridad alimentaria, a la tierra y a la propiedad; afectando de manera determinante a la sociedad mexicana.\u2022 Tiene repercusiones, como el desplazamiento de comunidades rurales enteras y que abre las puertas al narcotr\u00e1fico en el sector.\u2022 Este organismo lleg\u00f3 a acreditar a cerca de mill\u00f3n y medio de ejidatarios [&hellip;]<\/p>\n","protected":false},"author":81,"featured_media":264637,"comment_status":"closed","ping_status":"closed","sticky":false,"template":"","format":"standard","meta":{"footnotes":""},"categories":[15,36],"tags":[],"class_list":["post-264634","post","type-post","status-publish","format-standard","has-post-thumbnail","hentry","category-destacadas","category-nacion"],"_links":{"self":[{"href":"https:\/\/plazajuarez.mx\/historico\/wp-json\/wp\/v2\/posts\/264634","targetHints":{"allow":["GET"]}}],"collection":[{"href":"https:\/\/plazajuarez.mx\/historico\/wp-json\/wp\/v2\/posts"}],"about":[{"href":"https:\/\/plazajuarez.mx\/historico\/wp-json\/wp\/v2\/types\/post"}],"author":[{"embeddable":true,"href":"https:\/\/plazajuarez.mx\/historico\/wp-json\/wp\/v2\/users\/81"}],"replies":[{"embeddable":true,"href":"https:\/\/plazajuarez.mx\/historico\/wp-json\/wp\/v2\/comments?post=264634"}],"version-history":[{"count":0,"href":"https:\/\/plazajuarez.mx\/historico\/wp-json\/wp\/v2\/posts\/264634\/revisions"}],"wp:featuredmedia":[{"embeddable":true,"href":"https:\/\/plazajuarez.mx\/historico\/wp-json\/wp\/v2\/media\/264637"}],"wp:attachment":[{"href":"https:\/\/plazajuarez.mx\/historico\/wp-json\/wp\/v2\/media?parent=264634"}],"wp:term":[{"taxonomy":"category","embeddable":true,"href":"https:\/\/plazajuarez.mx\/historico\/wp-json\/wp\/v2\/categories?post=264634"},{"taxonomy":"post_tag","embeddable":true,"href":"https:\/\/plazajuarez.mx\/historico\/wp-json\/wp\/v2\/tags?post=264634"}],"curies":[{"name":"wp","href":"https:\/\/api.w.org\/{rel}","templated":true}]}}