{"id":264623,"date":"2023-06-13T13:36:40","date_gmt":"2023-06-13T19:36:40","guid":{"rendered":"https:\/\/plazajuarez.mx\/?p=264623"},"modified":"2023-06-13T13:37:52","modified_gmt":"2023-06-13T19:37:52","slug":"alicia_","status":"publish","type":"post","link":"https:\/\/plazajuarez.mx\/historico\/alicia_\/","title":{"rendered":"Alicia B\u00e1rcena agradece a AMLO titularidad de SRE"},"content":{"rendered":"\n<p>Alicia B\u00e1rcena, embajadora de M\u00e9xico en Chile y pr\u00f3xima secretaria de Relaciones Exteriores agradeci\u00f3 al presidente Andr\u00e9s Manuel L\u00f3pez Obrador por postularla al cargo, luego de que Marcelo Ebrard renunciara a la canciller\u00eda, para contender en el proceso interno de Morena para elegir al candidato presidencial.<\/p>\n\n\n\n<p>A trav\u00e9s de su cuenta de Twitter, la nueva canciller mostr\u00f3 una foto de ella junto al presidente L\u00f3pez Obrador y se\u00f1al\u00f3 que recibe su encargo con &#8220;enorme responsabilidad, honor y compromiso&#8221;.<\/p>\n\n\n\n<p>Estableci\u00f3 que la Secretar\u00eda de Relaciones Exteriores (SRE) es &#8220;nuestra voz en el mundo, orgullo del Estado Mexicano y puntual del proyecto transformador, digno e igualitario de la 4T&#8221;.<\/p>\n\n\n\n<p>Al anunciar la titularidad de Alicia B\u00e1rcena en la SRE, el Presidente destac\u00f3 que la pr\u00f3xima canciller es ampliamente conocida en Am\u00e9rica Latina y el Caribe y asegur\u00f3 que &#8220;vamos a estar bien representados&#8221; pues destac\u00f3 que la diplom\u00e1tica es una profesional, una mujer con convicciones y con principios.<\/p>\n\n\n\n<p>Detall\u00f3 que mientras toma el cargo, estar\u00e1 como encargada de despacho la subsecretar\u00eda de la SRE, Carmen Moreno Toscano.<\/p>\n\n\n\n<p>El presidente L\u00f3pez Obrador indic\u00f3 que debido a que actualmente Alicia B\u00e1rcena se desempe\u00f1a como embajadora de M\u00e9xico en Chile, tardar\u00e1 al menos 10 d\u00edas en tomar el cargo.<\/p>\n\n\n\n<p><\/p>\n","protected":false},"excerpt":{"rendered":"<p>Alicia B\u00e1rcena, embajadora de M\u00e9xico en Chile y pr\u00f3xima secretaria de Relaciones Exteriores agradeci\u00f3 al presidente Andr\u00e9s Manuel L\u00f3pez Obrador por postularla al cargo, luego de que Marcelo Ebrard renunciara a la canciller\u00eda, para contender en el proceso interno de Morena para elegir al candidato presidencial. A trav\u00e9s de su cuenta de Twitter, la nueva [&hellip;]<\/p>\n","protected":false},"author":81,"featured_media":264625,"comment_status":"closed","ping_status":"closed","sticky":false,"template":"","format":"standard","meta":{"footnotes":""},"categories":[15,36,2160],"tags":[],"class_list":["post-264623","post","type-post","status-publish","format-standard","has-post-thumbnail","hentry","category-destacadas","category-nacion","category-noticias-de-la-ciudad-de-mexico"],"_links":{"self":[{"href":"https:\/\/plazajuarez.mx\/historico\/wp-json\/wp\/v2\/posts\/264623","targetHints":{"allow":["GET"]}}],"collection":[{"href":"https:\/\/plazajuarez.mx\/historico\/wp-json\/wp\/v2\/posts"}],"about":[{"href":"https:\/\/plazajuarez.mx\/historico\/wp-json\/wp\/v2\/types\/post"}],"author":[{"embeddable":true,"href":"https:\/\/plazajuarez.mx\/historico\/wp-json\/wp\/v2\/users\/81"}],"replies":[{"embeddable":true,"href":"https:\/\/plazajuarez.mx\/historico\/wp-json\/wp\/v2\/comments?post=264623"}],"version-history":[{"count":0,"href":"https:\/\/plazajuarez.mx\/historico\/wp-json\/wp\/v2\/posts\/264623\/revisions"}],"wp:featuredmedia":[{"embeddable":true,"href":"https:\/\/plazajuarez.mx\/historico\/wp-json\/wp\/v2\/media\/264625"}],"wp:attachment":[{"href":"https:\/\/plazajuarez.mx\/historico\/wp-json\/wp\/v2\/media?parent=264623"}],"wp:term":[{"taxonomy":"category","embeddable":true,"href":"https:\/\/plazajuarez.mx\/historico\/wp-json\/wp\/v2\/categories?post=264623"},{"taxonomy":"post_tag","embeddable":true,"href":"https:\/\/plazajuarez.mx\/historico\/wp-json\/wp\/v2\/tags?post=264623"}],"curies":[{"name":"wp","href":"https:\/\/api.w.org\/{rel}","templated":true}]}}