{"id":264605,"date":"2023-06-13T11:46:31","date_gmt":"2023-06-13T17:46:31","guid":{"rendered":"https:\/\/plazajuarez.mx\/?p=264605"},"modified":"2023-06-13T11:46:35","modified_gmt":"2023-06-13T17:46:35","slug":"amlo-confirma-que-alcaldesa-de-tijuana-vivira-en-cuartel-militar","status":"publish","type":"post","link":"https:\/\/plazajuarez.mx\/historico\/amlo-confirma-que-alcaldesa-de-tijuana-vivira-en-cuartel-militar\/","title":{"rendered":"AMLO confirma que alcaldesa de Tijuana vivir\u00e1 en cuartel militar"},"content":{"rendered":"\n<p>El presidente Andr\u00e9s Manuel L\u00f3pez Obrador confirm\u00f3 que por distintas amenazas de grupos de la delincuencia, Monserrat Caballero, alcaldesa de Tijuana, Baja California, vivir\u00e1 en un cuartel militar y ser\u00e1 protegida por fuerzas federales, pues manifest\u00f3 que &#8220;es mejor prevenir que lamentar&#8221;.<br><br>El mandatario federal detall\u00f3 que desde hace dos semanas la alcaldesa Monserrat Caballero decidi\u00f3 mudarse a las instalaciones militares en Tijuana.<br><br>&#8220;Se le est\u00e1 protegiendo ya desde hace como 15 d\u00edas, porque s\u00ed ha recibido amenazas y se decidi\u00f3 protegerla. Se habl\u00f3 con ella, se lleg\u00f3 a ese acuerdo de ayudarla, protegerla, y lo vamos a seguir haciendo. Vamos a ver c\u00f3mo evolucionan las cosas siempre tomando en cuenta su opini\u00f3n&#8221;, inform\u00f3.<br><br>En conferencia de prensa, el jefe del Ejecutivo federal revel\u00f3 que la gobernadora de Baja California, Marina del Pilar, y Jaime Bonilla, senador de la rep\u00fablica y exgobernador de esa entidad, tambi\u00e9n recibieron amenazas de los grupos de la delincuencia.<br><br>&#8220;Fue una amenaza para la gobernadora, para la presidenta municipal y para el senador Bonilla, as\u00ed fue y no se tienen muchos elementos, pero es mejor prevenir que lamentar (&#8230;) de grupos de la delincuencia, en los tres casos en los mismos momentos y t\u00e9rminos&#8221;, indic\u00f3.<\/p>\n\n\n\n<center><iframe loading=\"lazy\" src=\"https:\/\/www.facebook.com\/plugins\/video.php?height=476&#038;href=https%3A%2F%2Fwww.facebook.com%2FMontserrat4T%2Fvideos%2F1677616642683922%2F&#038;show_text=false&#038;width=267&#038;t=0\" width=\"267\" height=\"476\" style=\"border:none;overflow:hidden\" scrolling=\"no\" frameborder=\"0\" allowfullscreen=\"true\" allow=\"autoplay; clipboard-write; encrypted-media; picture-in-picture; web-share\" allowFullScreen=\"true\"><\/iframe><\/center>\n\n\n\n<hr class=\"wp-block-separator has-alpha-channel-opacity\"\/>\n\n\n\n<p><strong>\u00bfPor qu\u00e9 alcaldesa de Tijuana vivir\u00e1 en un cuartel militar?<\/strong><\/p>\n\n\n\n<p>Luego que la alcaldesa de Tijuana, Baja California, Montserrat Caballero sufri\u00f3 un atentado y luego continu\u00f3 siendo v\u00edctima de amenazas decidi\u00f3 irse a vivir junto a su hijo, al cuartel militar de la zona.<br><br>Montserrat Caballero explic\u00f3 que \u00e9sta es una medida recomendada por la Guardia Nacional por seguridad y quiere evitar el despliegue de m\u00e1s elementos.<br><br>&#8220;A sugerencia de la Guardia Nacional por las amenazas. Cambia mucho la perspectiva de vida es una cuesti\u00f3n de seguridad y tambi\u00e9n porque se hab\u00eda dispuesto mucha seguridad, considero que los agentes tienen que estar cuidando a los ciudadanos, as\u00ed no los distraemos&#8221; dijo en el noticiero de Imagen Televisi\u00f3n al periodista Ciro G\u00f3mez Leyva.<br><br>La alcaldesa de Tijuana inform\u00f3 que esta es medida es por tiempo indefinido y ser\u00e1n las autoridades quienes determinen si est\u00e1 fuera de peligro tambi\u00e9n &#8220;creo que es momento para dar un mensaje de unidad con las fuerzas armadas&#8221;.<\/p>\n\n\n\n<center><iframe loading=\"lazy\" src=\"https:\/\/www.facebook.com\/plugins\/post.php?href=https%3A%2F%2Fwww.facebook.com%2FMontserrat4T%2Fposts%2F734307068704904&#038;show_text=true&#038;width=500\" width=\"500\" height=\"548\" style=\"border:none;overflow:hidden\" scrolling=\"no\" frameborder=\"0\" allowfullscreen=\"true\" allow=\"autoplay; clipboard-write; encrypted-media; picture-in-picture; web-share\"><\/iframe><\/center>\n\n\n\n<hr class=\"wp-block-separator has-alpha-channel-opacity\"\/>\n\n\n\n<p><br>Con respecto a su visita a la Ciudad de M\u00e9xico el pasado 6 de junio en la que se le vio a un lado del exsecretario de Relaciones exteriores, Marcelo Ebrard, quien ahora va por la candidatura de Morena, asegur\u00f3 que ella vino por un reconocimiento del Inai.<br><br>&#8220;Recibimos un reconocimiento por parte del Inai por las finanzas transparentes que tenemos y por la noche el otro evento. Hay que dar resultados a la ciudadan\u00eda. De estar en el 1er lugar bajamos al quinto, no es honroso, pero estamos trabajando hemos decomisado. Somos la polic\u00eda municipal con m\u00e1s armas decomisadas, unas mil 700 armas en todo el pa\u00eds&#8221;, afirm\u00f3.<br><br><strong>Atacan a balazos a escolta de alcaldesa de Tijuana<br><\/strong><br>El pasado 17 de mayo se report\u00f3 un ataque a tiros a un polic\u00eda estatal, escolta de la alcaldesa de Tijuana, ocasion\u00e1ndole un corte en la pierna.<br><br>Autoridades informaron que el veh\u00edculo en el que iban los responsables, una camioneta Suburban guinda con placas de Estados Unidos, fue localizadas armas y chalecos de construcci\u00f3n, pero no hubo detenidos en ese momento.<br><br><strong>Alcaldesa de Tijuana es amenazada<\/strong><br><strong><br><\/strong>M\u00e1s tarde la alcaldesa Montserrat Caballero hizo una transmisi\u00f3n en su cuenta de Facebook en la que inform\u00f3 que ella no iba abord\u00f3 del veh\u00edculo atacado porque cancel\u00f3 el trayecto pero era su ruta.<br>&#8220;Ante los hechos que sucedieron hoy por la ma\u00f1ana a uno de mis elementos en un trayecto que por casualidad del destino cancele, sin embargo, ese era mi recorrido, y ante la declaraci\u00f3n tan escueta del fiscal&#8221;, denunci\u00f3.<br><br>Adem\u00e1s, inform\u00f3 que una noche antes muri\u00f3 un polic\u00eda que se enfrent\u00f3 contra 10 hombres armados y aunque varios fueron detenidos, la Fiscal\u00eda los dej\u00f3 libres sin haberlos sido se\u00f1alados por la v\u00edctima.<br>Responsabilizo al Fiscal Iv\u00e1n Carpio de lo que me suceda a ella, a su familia o elementos.<\/p>\n","protected":false},"excerpt":{"rendered":"<p>El presidente Andr\u00e9s Manuel L\u00f3pez Obrador confirm\u00f3 que por distintas amenazas de grupos de la delincuencia, Monserrat Caballero, alcaldesa de Tijuana, Baja California, vivir\u00e1 en un cuartel militar y ser\u00e1 protegida por fuerzas federales, pues manifest\u00f3 que &#8220;es mejor prevenir que lamentar&#8221;. El mandatario federal detall\u00f3 que desde hace dos semanas la alcaldesa Monserrat Caballero [&hellip;]<\/p>\n","protected":false},"author":81,"featured_media":264606,"comment_status":"closed","ping_status":"closed","sticky":false,"template":"","format":"standard","meta":{"footnotes":""},"categories":[15,36],"tags":[],"class_list":["post-264605","post","type-post","status-publish","format-standard","has-post-thumbnail","hentry","category-destacadas","category-nacion"],"_links":{"self":[{"href":"https:\/\/plazajuarez.mx\/historico\/wp-json\/wp\/v2\/posts\/264605","targetHints":{"allow":["GET"]}}],"collection":[{"href":"https:\/\/plazajuarez.mx\/historico\/wp-json\/wp\/v2\/posts"}],"about":[{"href":"https:\/\/plazajuarez.mx\/historico\/wp-json\/wp\/v2\/types\/post"}],"author":[{"embeddable":true,"href":"https:\/\/plazajuarez.mx\/historico\/wp-json\/wp\/v2\/users\/81"}],"replies":[{"embeddable":true,"href":"https:\/\/plazajuarez.mx\/historico\/wp-json\/wp\/v2\/comments?post=264605"}],"version-history":[{"count":0,"href":"https:\/\/plazajuarez.mx\/historico\/wp-json\/wp\/v2\/posts\/264605\/revisions"}],"wp:featuredmedia":[{"embeddable":true,"href":"https:\/\/plazajuarez.mx\/historico\/wp-json\/wp\/v2\/media\/264606"}],"wp:attachment":[{"href":"https:\/\/plazajuarez.mx\/historico\/wp-json\/wp\/v2\/media?parent=264605"}],"wp:term":[{"taxonomy":"category","embeddable":true,"href":"https:\/\/plazajuarez.mx\/historico\/wp-json\/wp\/v2\/categories?post=264605"},{"taxonomy":"post_tag","embeddable":true,"href":"https:\/\/plazajuarez.mx\/historico\/wp-json\/wp\/v2\/tags?post=264605"}],"curies":[{"name":"wp","href":"https:\/\/api.w.org\/{rel}","templated":true}]}}