{"id":264589,"date":"2023-06-13T11:28:14","date_gmt":"2023-06-13T17:28:14","guid":{"rendered":"https:\/\/plazajuarez.mx\/?p=264589"},"modified":"2023-06-13T11:28:18","modified_gmt":"2023-06-13T17:28:18","slug":"conmemoran-en-pachuca-dia-mundial-contra-el-trabajo-infantil","status":"publish","type":"post","link":"https:\/\/plazajuarez.mx\/historico\/conmemoran-en-pachuca-dia-mundial-contra-el-trabajo-infantil\/","title":{"rendered":"Conmemoran en Pachuca D\u00eda Mundial Contra el Trabajo Infantil"},"content":{"rendered":"\n<p>Como parte de la conmemoraci\u00f3n del D\u00eda Mundial Contra el Trabajo Infantil, la presidenta del Sistema DIF Pachuca B\u00e1rbara Monta\u00f1o S\u00e1nchez Mejorada y el secretario de Seguridad P\u00fablica, Ricardo Aguilar N\u00fa\u00f1ez, entregaron juguetes con una hoja impresa de los derechos de ni\u00f1as, ni\u00f1os y adolescentes, en la Plaza Independencia.<\/p>\n\n\n\n<p>Los juguetes fueron donados por Materiales Vite y, adem\u00e1s del personal del DIF, ayudaron con la entrega elementos de la Direcci\u00f3n de Prevenci\u00f3n del Delito y la Unidad Canina de la Secretar\u00eda de Seguridad P\u00fablica Municipal.<\/p>\n\n\n\n<p>Adem\u00e1s se realiz\u00f3 una actividad para fomentar la cultura de la denuncia y concientizar a la poblaci\u00f3n sobre los efectos negativos que sufren ni\u00f1as, ni\u00f1os y adolescentes v\u00edctimas de explotaci\u00f3n laboral infantil.<\/p>\n\n\n\n<p>De igual forma, en distintos puntos de la ciudad en coordinaci\u00f3n con el SIPINNA Municipal, la Procuradur\u00eda de Protecci\u00f3n de Ni\u00f1as, Ni\u00f1os y Adolescentes del Sistema DIF Pachuca, as\u00ed como la Comisi\u00f3n Estatal de Derechos Humanos, se implement\u00f3 un operativo especial para identificar en los principales cruceros y avenidas de la ciudad a ni\u00f1as, ni\u00f1os y adolescentes en situaci\u00f3n de trabajo infantil.<\/p>\n\n\n\n<p>Lo anterior con las acciones pertinentes para hacer valer el derecho a un desarrollo y bienestar integral, aplicando el Protocolo Estatal de Atenci\u00f3n Contra el Trabajo Infantil en Cruceros y Sem\u00e1foros.<\/p>\n","protected":false},"excerpt":{"rendered":"<p>Como parte de la conmemoraci\u00f3n del D\u00eda Mundial Contra el Trabajo Infantil, la presidenta del Sistema DIF Pachuca B\u00e1rbara Monta\u00f1o S\u00e1nchez Mejorada y el secretario de Seguridad P\u00fablica, Ricardo Aguilar N\u00fa\u00f1ez, entregaron juguetes con una hoja impresa de los derechos de ni\u00f1as, ni\u00f1os y adolescentes, en la Plaza Independencia. Los juguetes fueron donados por Materiales [&hellip;]<\/p>\n","protected":false},"author":93,"featured_media":264590,"comment_status":"closed","ping_status":"closed","sticky":false,"template":"","format":"standard","meta":{"footnotes":""},"categories":[15,59,62],"tags":[],"class_list":["post-264589","post","type-post","status-publish","format-standard","has-post-thumbnail","hentry","category-destacadas","category-general","category-pachuca"],"_links":{"self":[{"href":"https:\/\/plazajuarez.mx\/historico\/wp-json\/wp\/v2\/posts\/264589","targetHints":{"allow":["GET"]}}],"collection":[{"href":"https:\/\/plazajuarez.mx\/historico\/wp-json\/wp\/v2\/posts"}],"about":[{"href":"https:\/\/plazajuarez.mx\/historico\/wp-json\/wp\/v2\/types\/post"}],"author":[{"embeddable":true,"href":"https:\/\/plazajuarez.mx\/historico\/wp-json\/wp\/v2\/users\/93"}],"replies":[{"embeddable":true,"href":"https:\/\/plazajuarez.mx\/historico\/wp-json\/wp\/v2\/comments?post=264589"}],"version-history":[{"count":0,"href":"https:\/\/plazajuarez.mx\/historico\/wp-json\/wp\/v2\/posts\/264589\/revisions"}],"wp:featuredmedia":[{"embeddable":true,"href":"https:\/\/plazajuarez.mx\/historico\/wp-json\/wp\/v2\/media\/264590"}],"wp:attachment":[{"href":"https:\/\/plazajuarez.mx\/historico\/wp-json\/wp\/v2\/media?parent=264589"}],"wp:term":[{"taxonomy":"category","embeddable":true,"href":"https:\/\/plazajuarez.mx\/historico\/wp-json\/wp\/v2\/categories?post=264589"},{"taxonomy":"post_tag","embeddable":true,"href":"https:\/\/plazajuarez.mx\/historico\/wp-json\/wp\/v2\/tags?post=264589"}],"curies":[{"name":"wp","href":"https:\/\/api.w.org\/{rel}","templated":true}]}}