{"id":264585,"date":"2023-06-13T11:26:31","date_gmt":"2023-06-13T17:26:31","guid":{"rendered":"https:\/\/plazajuarez.mx\/?p=264585"},"modified":"2023-06-13T11:26:35","modified_gmt":"2023-06-13T17:26:35","slug":"toman-protesta-a-la-nueva-dirigencia-municipal-de-accion-nacional-en-apan","status":"publish","type":"post","link":"https:\/\/plazajuarez.mx\/historico\/toman-protesta-a-la-nueva-dirigencia-municipal-de-accion-nacional-en-apan\/","title":{"rendered":"Toman protesta a la nueva dirigencia municipal de Acci\u00f3n Nacional en Apan"},"content":{"rendered":"\n<p>&nbsp;Apan, Hgo.- En v\u00edsperas de las pr\u00f3ximas elecciones del 2024, y en donde habr\u00e1 la renovaci\u00f3n de tanto la Presidencia de la Rep\u00fablica, del Congreso de la Uni\u00f3n, de la C\u00e1mara de Senadores, del Congreso del Estado y de las presidencias municipales, efect\u00faan el cambio de la dirigencia municipal de Apan, del Partido Acci\u00f3n Nacional.<\/p>\n\n\n\n<p>Con una participaci\u00f3n de casi el 98 por ciento, de los miembros activos del Partido Acci\u00f3n Nacional (PAN) del municipio de Apan, fue elegido el nuevo Comit\u00e9 Municipal, la cual ser\u00e1 presidida por Rodrigo Jim\u00e9nez Ram\u00edrez, la secretaria general, Mitzi Odette Revoreda Jim\u00e9nez, dela Promoci\u00f3n Pol\u00edtica de la Mujer, Dora Mar\u00eda Bello Salinas, Secretaria Juvenil, \u00c1ngel David Ram\u00edrez Jim\u00e9nez<\/p>\n\n\n\n<p>Despu\u00e9s de la votaci\u00f3n en las instalaciones del comit\u00e9 directivo municipal del PAN de Apan, Rodrigo Jim\u00e9nez Ram\u00edrez, en su calidad de presidente del blanquiazul, mencion\u00f3 que el objetivo de su encomienda ser\u00e1 buscar la unidad, a fin de que sean una oposici\u00f3n congruente y responsable, para las pr\u00f3ximas elecciones del 2024, las cuales ya se avecinan.<\/p>\n\n\n\n<p>\u201cEl objetivo es este, hacer de Acci\u00f3n Nacional un partido fuerte, un partido que realmente recoja todos esos pensamientos, esos ideales de cambio, de lucha y justicia aqu\u00ed en el municipio. Entonces en este caso Acci\u00f3n Nacional siempre va a ser el estandarte que defienda a la ciudadan\u00eda\u201d, dijo Jim\u00e9nez Ram\u00edrez<\/p>\n\n\n\n<p>Agreg\u00f3 que, de cara a las elecciones municipales de las diputaciones locales, diputados federales, Senadores, y de la Presidencia de la Rep\u00fablica, del 2024, con lo cual se buscar\u00e1 ser nuevamente la primera fuerza pol\u00edtica dentro del municipio de Apan, por lo que para ello necesitan de la base, ante esto, agradeci\u00f3 la participaci\u00f3n de los militantes albiazules.&nbsp;&nbsp;<\/p>\n\n\n\n<p>\u201cAl final quienes ganaron fueron los panistas de aqu\u00ed en adelante va a ganar el municipio de Apan. Por lo que har\u00e9 todo lo que est\u00e9 en mis manos para crecer al PAN, ya que no solo se trata del militante, sino tambi\u00e9n del simpatizante, para darle el cobijo pertinente y que se sienta protegido en sus derechos pol\u00edtico electorales\u201d.<\/p>\n\n\n\n<p>En ese sentido, ventil\u00f3 que trabajar\u00e1n con los lineamientos que se emitan por parte del Comit\u00e9 Ejecutivo Estatal y del CEN de Acci\u00f3n Nacionall, con el objetivo de afiliar a nuevos simpatizantes de esta fuerza pol\u00edtica.<\/p>\n","protected":false},"excerpt":{"rendered":"<p>&nbsp;Apan, Hgo.- En v\u00edsperas de las pr\u00f3ximas elecciones del 2024, y en donde habr\u00e1 la renovaci\u00f3n de tanto la Presidencia de la Rep\u00fablica, del Congreso de la Uni\u00f3n, de la C\u00e1mara de Senadores, del Congreso del Estado y de las presidencias municipales, efect\u00faan el cambio de la dirigencia municipal de Apan, del Partido Acci\u00f3n Nacional. [&hellip;]<\/p>\n","protected":false},"author":69,"featured_media":264586,"comment_status":"closed","ping_status":"closed","sticky":false,"template":"","format":"standard","meta":{"footnotes":""},"categories":[2159,40],"tags":[],"class_list":["post-264585","post","type-post","status-publish","format-standard","has-post-thumbnail","hentry","category-noticias-de-hidalgo","category-region"],"_links":{"self":[{"href":"https:\/\/plazajuarez.mx\/historico\/wp-json\/wp\/v2\/posts\/264585","targetHints":{"allow":["GET"]}}],"collection":[{"href":"https:\/\/plazajuarez.mx\/historico\/wp-json\/wp\/v2\/posts"}],"about":[{"href":"https:\/\/plazajuarez.mx\/historico\/wp-json\/wp\/v2\/types\/post"}],"author":[{"embeddable":true,"href":"https:\/\/plazajuarez.mx\/historico\/wp-json\/wp\/v2\/users\/69"}],"replies":[{"embeddable":true,"href":"https:\/\/plazajuarez.mx\/historico\/wp-json\/wp\/v2\/comments?post=264585"}],"version-history":[{"count":0,"href":"https:\/\/plazajuarez.mx\/historico\/wp-json\/wp\/v2\/posts\/264585\/revisions"}],"wp:featuredmedia":[{"embeddable":true,"href":"https:\/\/plazajuarez.mx\/historico\/wp-json\/wp\/v2\/media\/264586"}],"wp:attachment":[{"href":"https:\/\/plazajuarez.mx\/historico\/wp-json\/wp\/v2\/media?parent=264585"}],"wp:term":[{"taxonomy":"category","embeddable":true,"href":"https:\/\/plazajuarez.mx\/historico\/wp-json\/wp\/v2\/categories?post=264585"},{"taxonomy":"post_tag","embeddable":true,"href":"https:\/\/plazajuarez.mx\/historico\/wp-json\/wp\/v2\/tags?post=264585"}],"curies":[{"name":"wp","href":"https:\/\/api.w.org\/{rel}","templated":true}]}}