{"id":2645,"date":"2015-03-22T06:00:00","date_gmt":"2015-03-22T06:00:00","guid":{"rendered":"http:\/\/plazajuarez.mx\/index\/index.php\/2015\/03\/22\/alcalde-y-delegado-de-sedatu-entregan-obras-por-11-mdp-en-colonia-la-raza\/"},"modified":"2015-03-22T06:00:00","modified_gmt":"2015-03-22T06:00:00","slug":"alcalde-y-delegado-de-sedatu-entregan-obras-por-11-mdp-en-colonia-la-raza","status":"publish","type":"post","link":"https:\/\/plazajuarez.mx\/historico\/alcalde-y-delegado-de-sedatu-entregan-obras-por-11-mdp-en-colonia-la-raza\/","title":{"rendered":"Alcalde y delegado de Sedatu entregan  obras por 11 mdp en colonia La Raza"},"content":{"rendered":"<ul>\n<li>Rehabilitaci\u00f3n del Centro de Desarrollo Comunitario a trav\u00e9s de H\u00e1bitat<\/li>\n<li>El inmueble cuenta con biblioteca digital, aula did\u00e1ctica,<\/li>\n<li>Entrega infraestructura deportiva dentro del Programa de Espacios P\u00fablicos <!--more--> <\/li>\n<\/ul>\n<p>En ocasi\u00f3n de la entrega de infraestructura social en la colonia La Raza por alrededor de once millones de pesos, el alcalde Eleazar Garc\u00eda S\u00e1nchez expres\u00f3 acompa\u00f1ado de la titular del DIF Pachuca, Gabriela Casta\u00f1eda Badillo, que los logros alcanzados son resultado del trabajo interinstitucional entre los tres \u00f3rdenes de gobierno que centran sus esfuerzos en ofrecer mejores condiciones de vida para la poblaci\u00f3n.<\/p>\n<p>\u00a0<\/p>\n<p>\u00a0\u00a0\u00a0\u00a0\u00a0\u00a0\u00a0\u00a0\u00a0\u00a0\u00a0\u00a0\u00a0\u00a0\u00a0 En ese sentido, destac\u00f3 ante el delegado federal de la Secretar\u00eda de Desarrollo Agrario, Territorial y Urbano (Sedatu), Juan Carlos Alba Calder\u00f3n que uno de los rubros prioritarios para la administraci\u00f3n que encabeza es la inclusi\u00f3n social, que queda constatado con entrega de obras de primer nivel, en una de las zonas m\u00e1s vulnerables del municipio.<\/p>\n<p>\u00a0<\/p>\n<p>\u00a0\u00a0\u00a0\u00a0\u00a0\u00a0\u00a0\u00a0\u00a0\u00a0\u00a0\u00a0\u00a0\u00a0\u00a0 En su momento Alba Calder\u00f3n, tras coincidir que por medio de los esfuerzos conjuntos se obtienen mayores metas, reconoci\u00f3 en presencia de Erika Ortiz Trujillo, coordinadora de la unidad de Desarrollo regional del gobierno estatal, el trabajo desempe\u00f1ado por el alcalde, as\u00ed como de los integrantes de la Asamblea capitalina por favorecer el di\u00e1logo e impulsar acuerdos que se traducen en beneficios para todos los sectores de Pachuca.<\/p>\n<p>\u00a0\u00a0\u00a0\u00a0\u00a0\u00a0\u00a0\u00a0\u00a0\u00a0\u00a0\u00a0\u00a0\u00a0\u00a0<\/p>\n<p>\u00a0\u00a0\u00a0\u00a0\u00a0\u00a0\u00a0\u00a0\u00a0\u00a0\u00a0\u00a0\u00a0\u00a0\u00a0 Por su parte, la presidenta del DIF Pachuca, expres\u00f3 su satisfacci\u00f3n por llevar a cabo proyectos donde la gente es el centro de las acciones, que es uno de los pilares del gobierno local que busca crear una ciudad m\u00e1s humana, donde se privilegia la sana convivencia comunitaria por medio de espacios dignos como con los que ya cuenta La Raza.<\/p>\n<p>\u00a0<\/p>\n<p>Al respecto destac\u00f3 que esa demarcaci\u00f3n, ha transformado su imagen, no s\u00f3lo con obras sino tambi\u00e9n con la impartici\u00f3n de diversas acciones sociales, entre ellas 16 cursos certificados por el Instituto para la Capacitaci\u00f3n del Trabajo de Hidalgo (Icathi) en beneficio de 500 personas y la Jornada de Atenci\u00f3n y Orientaci\u00f3n visual que apoy\u00f3 a 380 vecinos.\u00a0<\/p>\n<p>\u00a0<\/p>\n<p>As\u00ed mismo, enfatiz\u00f3 la importancia de la infraestructura entregada, ya que gracias a su ampliaci\u00f3n,\u00a0 el Programa de Atenci\u00f3n a Menores y Adolescentes en Riesgo (PAMAR) que actualmente atiende a 54 personas, aumentar\u00e1 su cobertura con el nuevo Centro de Desarrollo Comunitario (CDC).\u00a0<\/p>\n<p>\u00a0<\/p>\n<p>Previamente, el titular de la Secretar\u00eda de Obras p\u00fablicas, Desarrollo Urbano, Vivienda y Movilidad, V\u00edctor Arturo Bautista Ram\u00edrez explic\u00f3 las obras y acciones, efectuadas coordinadamente con la Sedatu en el Centro de Desarrollo Comunitario (CDC)\u00a0 consistentes en colocaci\u00f3n de el pasillo de acceso de estructura de acero y cubierta con policarbonato para brindar mayor comodidad, independientemente de las condiciones atmosf\u00e9ricas prevalecientes.\u00a0\u00a0\u00a0\u00a0<\/p>\n<p>\u00a0\u00a0\u00a0\u00a0<\/p>\n<p>\u00a0\u00a0\u00a0\u00a0\u00a0\u00a0\u00a0\u00a0\u00a0\u00a0\u00a0\u00a0\u00a0\u00a0\u00a0 Bautista Ram\u00edrez, indic\u00f3 que el CDC cuenta tambi\u00e9n con un \u00e1rea adicional para recreaci\u00f3n de 100 metros cuadrados con piso amortiguante, biblioteca digital, aula did\u00e1ctica, taller de cocina, tres m\u00f3dulos sanitarios m\u00e1s, entre otros espacios. \u00a0\u00a0<\/p>\n<p>\u00a0<\/p>\n<p>As\u00ed mismo, las autoridades mencionadas inauguraron dentro del Programa de Rescate de Espacios P\u00fablicos, una unidad deportiva dotada con: cancha de usos m\u00faltiples y otra de pasto sint\u00e9tico, zona de juegos infantiles con piso amortiguante, gimnasio al aire libre.<\/p>\n","protected":false},"excerpt":{"rendered":"<p>Rehabilitaci\u00f3n del Centro de Desarrollo Comunitario a trav\u00e9s de H\u00e1bitat El inmueble cuenta con biblioteca digital, aula did\u00e1ctica, Entrega infraestructura deportiva dentro del Programa de Espacios P\u00fablicos<\/p>\n","protected":false},"author":93,"featured_media":0,"comment_status":"open","ping_status":"open","sticky":false,"template":"","format":"standard","meta":{"footnotes":""},"categories":[59],"tags":[],"class_list":["post-2645","post","type-post","status-publish","format-standard","hentry","category-general"],"_links":{"self":[{"href":"https:\/\/plazajuarez.mx\/historico\/wp-json\/wp\/v2\/posts\/2645","targetHints":{"allow":["GET"]}}],"collection":[{"href":"https:\/\/plazajuarez.mx\/historico\/wp-json\/wp\/v2\/posts"}],"about":[{"href":"https:\/\/plazajuarez.mx\/historico\/wp-json\/wp\/v2\/types\/post"}],"author":[{"embeddable":true,"href":"https:\/\/plazajuarez.mx\/historico\/wp-json\/wp\/v2\/users\/93"}],"replies":[{"embeddable":true,"href":"https:\/\/plazajuarez.mx\/historico\/wp-json\/wp\/v2\/comments?post=2645"}],"version-history":[{"count":0,"href":"https:\/\/plazajuarez.mx\/historico\/wp-json\/wp\/v2\/posts\/2645\/revisions"}],"wp:attachment":[{"href":"https:\/\/plazajuarez.mx\/historico\/wp-json\/wp\/v2\/media?parent=2645"}],"wp:term":[{"taxonomy":"category","embeddable":true,"href":"https:\/\/plazajuarez.mx\/historico\/wp-json\/wp\/v2\/categories?post=2645"},{"taxonomy":"post_tag","embeddable":true,"href":"https:\/\/plazajuarez.mx\/historico\/wp-json\/wp\/v2\/tags?post=2645"}],"curies":[{"name":"wp","href":"https:\/\/api.w.org\/{rel}","templated":true}]}}