{"id":26434,"date":"2016-08-10T11:12:46","date_gmt":"2016-08-10T11:12:46","guid":{"rendered":"http:\/\/plazajuarez.mx\/index\/index.php\/2016\/08\/10\/otra-jornada-negra-para-mexico\/"},"modified":"2016-08-10T11:12:46","modified_gmt":"2016-08-10T11:12:46","slug":"otra-jornada-negra-para-mexico","status":"publish","type":"post","link":"https:\/\/plazajuarez.mx\/historico\/otra-jornada-negra-para-mexico\/","title":{"rendered":"OTRA JORNADA NEGRA PARA M\u00c9XICO"},"content":{"rendered":"<p>#R\u00cdO 2016<\/p>\n<p>\u25cf\u00a0\u00a0\u00a0 AYER Paola Espinosa y Alejandra Orozco quedaron a deber en la prueba de plataforma sincronizados <\/p>\n<p>Nuevamente la jornada de ayer estuvo por debajo de las expectativas, en distintas disciplinas donde M\u00e9xico se present\u00f3. <\/p>\n<p>  <!--more-->  <\/p>\n<p>CLAVADOS FRACASA<br \/>Paola Espinosa y Alejandra Orozco fallaron en su intento de repetir la medalla que consiguieron en Londres 2012 y quedaron en sexto lugar de la prueba de plataforma sincronizados en R\u00edo 2016.<br \/>Las medallistas de plata nunca se metieron a puestos de podio durante la competencia y fueron superadas por China, Malasia y Canad\u00e1.<br \/>El resultado llega un d\u00eda despu\u00e9s de que la dupla varonil de Iv\u00e1n Garc\u00eda y Germ\u00e1n S\u00e1nchez, tambi\u00e9n plata hace cuatro a\u00f1os, tampoco pudiera refrendar el resultado (quedaron en quinto lugar).<br \/>VALENT\u00cdA, AVANZ\u00d3 MISAEL EN BOX<br \/>Misael Rodr\u00edguez tuvo un debut vibrante en los Juegos Ol\u00edmpicos y con mucha bravura y garra, el orgullo de Parral, Chihuahua, gan\u00f3 un trepidante combate al iraqu\u00ed Abdulrahid Karaawi por decisi\u00f3n un\u00e1nime luego de tres explosivos asaltos que lo tienen ahora a una victoria de subir al podio.<br \/>El peso mexicano de los 75 kilogramos, uno de los tres a\u00fan con vida en R\u00edo 2016, sac\u00f3 la casta tras caer en el primer asalto en el que incluso estuvo a punto de caer a la lona, pero luego, con base en su presi\u00f3n y con el coraz\u00f3n por delante, logr\u00f3 remontar y se llev\u00f3 una justa victoria por puntos de 29-28, 29-28 y 29-28. Rodr\u00edguez ten\u00eda que subir ante el irland\u00e9s Michael O\u2019Really en la segunda ronda de la competencia; sin embargo, el tercer ranqueado del mundo est\u00e1 suspendido por dopaje y no aparecer\u00e1 en la competencia, motivo por el que Misael ir\u00e1 directo a la ronda de Cuartos de Final, donde buscar\u00e1 la victoria para acceder a la zona de medallas.<br \/>La siguiente pelea del \u2018Chino\u2019 Rodr\u00edguez ser\u00e1 el 15 de agosto ante un rival por definir, y ah\u00ed se jugar\u00e1 el pase a las Semifinales, en donde ya se garantizan medallas. El \u00faltimo medallista mexicano en boxeo fue Cristian Bejarano, paisano de Misael.<br \/>NERVIOS, ENEMIGO N\u00daMERO UNO DE BOARDMAN<br \/>El arquero mexicano Ernesto Boardman, quien era favorito en este duelo, se despidi\u00f3 de los Juegos Ol\u00edmpicos R\u00edo 2016 luego de caer ante el cubano Adri\u00e1n Puentes por 6-4, en la primera ronda de la competencia individual varonil.<br \/>Boardman, quien consigui\u00f3 el lugar 28 en la primera fase de clasificaci\u00f3n, se recuper\u00f3 de una desventaja inicial que no supo mantener en el Samb\u00f3dromo, pues su oponente reaccion\u00f3 para un marcador final de 25-24, 23-26, 26-27, 27-26 y 28-24, y as\u00ed terminar con el sue\u00f1o ol\u00edmpico del mexicano.<br \/>&#8220;No fue el viento, tampoco mi arco. No pude hacer las correcciones necesarias, no me gust\u00f3 mi puntuaci\u00f3n. Una disculpa a toda la gente que nos ha estado apoyando, s\u00e9 que esperan mucho m\u00e1s de nosotros&#8221;, declar\u00f3 a ESPN el atleta.<br \/>CABRERA AVANZ\u00d3 A SEMIS<\/p>\n<p>Juan Carlos Cabrera firm\u00f3 una buena actuaci\u00f3n y obtuvo boleto para la semifinal con el quinto mejor tiempo en la general (6:50.04), en una prueba que estuvo dominada por el vigente campe\u00f3n ol\u00edmpico y detentor del r\u00e9cord del mundo (6:33.35), el neozeland\u00e9s Mahe Drysdale.<br \/>Las aguas de la laguna Rodrigo de Freitas de R\u00edo de Janeiro estuvieron hoy m\u00e1s calmadas, sin la bravura de la prueba clasificatoria en la que, por causa del viento, algunos competidores volcaron la embarcaci\u00f3n.<br \/>Cabrera pelear\u00e1 el jueves pr\u00f3ximo por un lugar en la final en la que sus grandes competidores ser\u00e1n el checo Ondrej Synek y el croata Martin Damir, quien firm\u00f3 el mejor tiempo hoy (6:44.44).<\/p>\n<p>KENIA PASA A SEMIFINALES EN REMO <br \/>La mexicana sigue con su buen paso y logr\u00f3 colocarse en la tercera posici\u00f3n de su hit para librar los cuartos de final.<\/p>\n<p><\/p>\n","protected":false},"excerpt":{"rendered":"<p>#R\u00cdO 2016 \u25cf\u00a0\u00a0\u00a0 AYER Paola Espinosa y Alejandra Orozco quedaron a deber en la prueba de plataforma sincronizados Nuevamente la jornada de ayer estuvo por debajo de las expectativas, en distintas disciplinas donde M\u00e9xico se present\u00f3.<\/p>\n","protected":false},"author":93,"featured_media":0,"comment_status":"open","ping_status":"open","sticky":false,"template":"","format":"standard","meta":{"footnotes":""},"categories":[39],"tags":[],"class_list":["post-26434","post","type-post","status-publish","format-standard","hentry","category-deportiva"],"_links":{"self":[{"href":"https:\/\/plazajuarez.mx\/historico\/wp-json\/wp\/v2\/posts\/26434","targetHints":{"allow":["GET"]}}],"collection":[{"href":"https:\/\/plazajuarez.mx\/historico\/wp-json\/wp\/v2\/posts"}],"about":[{"href":"https:\/\/plazajuarez.mx\/historico\/wp-json\/wp\/v2\/types\/post"}],"author":[{"embeddable":true,"href":"https:\/\/plazajuarez.mx\/historico\/wp-json\/wp\/v2\/users\/93"}],"replies":[{"embeddable":true,"href":"https:\/\/plazajuarez.mx\/historico\/wp-json\/wp\/v2\/comments?post=26434"}],"version-history":[{"count":0,"href":"https:\/\/plazajuarez.mx\/historico\/wp-json\/wp\/v2\/posts\/26434\/revisions"}],"wp:attachment":[{"href":"https:\/\/plazajuarez.mx\/historico\/wp-json\/wp\/v2\/media?parent=26434"}],"wp:term":[{"taxonomy":"category","embeddable":true,"href":"https:\/\/plazajuarez.mx\/historico\/wp-json\/wp\/v2\/categories?post=26434"},{"taxonomy":"post_tag","embeddable":true,"href":"https:\/\/plazajuarez.mx\/historico\/wp-json\/wp\/v2\/tags?post=26434"}],"curies":[{"name":"wp","href":"https:\/\/api.w.org\/{rel}","templated":true}]}}