{"id":264316,"date":"2023-06-09T00:00:57","date_gmt":"2023-06-09T06:00:57","guid":{"rendered":"https:\/\/plazajuarez.mx\/?p=264316"},"modified":"2023-06-10T00:00:27","modified_gmt":"2023-06-10T06:00:27","slug":"busqueda","status":"publish","type":"post","link":"https:\/\/plazajuarez.mx\/historico\/busqueda\/","title":{"rendered":"Activaron una ficha de b\u00fasqueda por menor en Atotonilco de Tula"},"content":{"rendered":"\n<p><\/p>\n\n\n\n<p>La Procuradur\u00eda General de Justicia del estado de Hidalgo (PGJEH), realiz\u00f3 la activaci\u00f3n de una Ficha de B\u00fasqueda, luego de que se present\u00f3 una denuncia por la desaparici\u00f3n de un menor de edad en el municipio de Atotonilco de Tula.<\/p>\n\n\n\n<p>Los familiares del joven de tan s\u00f3lo 14 a\u00f1os de edad, externaron su temor de que \u201cY\u201d \u201cA \u201cS\u201d \u201cP\u201d, pueda ser v\u00edctima de un delito, por lo que solicitaron la pronta intervenci\u00f3n de las autoridades para tratar de dar con la localizaci\u00f3n del menor de edad.<\/p>\n\n\n\n<p>La PGJEH, pidi\u00f3 la colaboraci\u00f3n para la difusi\u00f3n de la Ficha de B\u00fasqueda del jovencito, quien habr\u00eda sido visto por \u00faltima ocasi\u00f3n, luego de salir de su domicilio ubicado en Atotonilco de Tula, el 04 de junio de 2023, y desde entonces se desconoce su paradero.<\/p>\n","protected":false},"excerpt":{"rendered":"<p>La Procuradur\u00eda General de Justicia del estado de Hidalgo (PGJEH), realiz\u00f3 la activaci\u00f3n de una Ficha de B\u00fasqueda, luego de que se present\u00f3 una denuncia por la desaparici\u00f3n de un menor de edad en el municipio de Atotonilco de Tula. Los familiares del joven de tan s\u00f3lo 14 a\u00f1os de edad, externaron su temor de [&hellip;]<\/p>\n","protected":false},"author":93,"featured_media":264317,"comment_status":"closed","ping_status":"closed","sticky":false,"template":"","format":"standard","meta":{"footnotes":""},"categories":[37],"tags":[],"class_list":["post-264316","post","type-post","status-publish","format-standard","has-post-thumbnail","hentry","category-barandilla"],"_links":{"self":[{"href":"https:\/\/plazajuarez.mx\/historico\/wp-json\/wp\/v2\/posts\/264316","targetHints":{"allow":["GET"]}}],"collection":[{"href":"https:\/\/plazajuarez.mx\/historico\/wp-json\/wp\/v2\/posts"}],"about":[{"href":"https:\/\/plazajuarez.mx\/historico\/wp-json\/wp\/v2\/types\/post"}],"author":[{"embeddable":true,"href":"https:\/\/plazajuarez.mx\/historico\/wp-json\/wp\/v2\/users\/93"}],"replies":[{"embeddable":true,"href":"https:\/\/plazajuarez.mx\/historico\/wp-json\/wp\/v2\/comments?post=264316"}],"version-history":[{"count":0,"href":"https:\/\/plazajuarez.mx\/historico\/wp-json\/wp\/v2\/posts\/264316\/revisions"}],"wp:featuredmedia":[{"embeddable":true,"href":"https:\/\/plazajuarez.mx\/historico\/wp-json\/wp\/v2\/media\/264317"}],"wp:attachment":[{"href":"https:\/\/plazajuarez.mx\/historico\/wp-json\/wp\/v2\/media?parent=264316"}],"wp:term":[{"taxonomy":"category","embeddable":true,"href":"https:\/\/plazajuarez.mx\/historico\/wp-json\/wp\/v2\/categories?post=264316"},{"taxonomy":"post_tag","embeddable":true,"href":"https:\/\/plazajuarez.mx\/historico\/wp-json\/wp\/v2\/tags?post=264316"}],"curies":[{"name":"wp","href":"https:\/\/api.w.org\/{rel}","templated":true}]}}