{"id":26429,"date":"2016-08-10T11:10:40","date_gmt":"2016-08-10T11:10:40","guid":{"rendered":"http:\/\/plazajuarez.mx\/index\/index.php\/2016\/08\/10\/choque-entre-vehiculos-deja-lesionados\/"},"modified":"2016-08-10T11:10:40","modified_gmt":"2016-08-10T11:10:40","slug":"choque-entre-vehiculos-deja-lesionados","status":"publish","type":"post","link":"https:\/\/plazajuarez.mx\/historico\/choque-entre-vehiculos-deja-lesionados\/","title":{"rendered":"CHOQUE ENTRE VEH\u00cdCULOS DEJA LESIONADOS"},"content":{"rendered":"<p>REAL DEL MONTE <\/p>\n<p>  <!--more-->  <\/p>\n<p>Los hechos relatan que ambos veh\u00edculos por quer\u00edan ganar el paso en la carretera La Espa\u00f1ita que conduce a Real del Monte <br \/>Cerca del mediod\u00eda del pasado lunes, se registr\u00f3 un fuerte accidente entre un veh\u00edculo particular y uno del transporte p\u00fablico, sobre la carreta que conduce a Real del Monte.<br \/>El primer veh\u00edculo marca Nissan Vento, color verde, con placas de circulaci\u00f3n HMZ3530, cuyo conductor responde al nombre de Cupertino Jim\u00e9nez Reyes de 52 a\u00f1os de edad y el segundo veh\u00edculo marca Nissan Tsuru, color verde con blanco, con placas 8293, este \u00faltimo perteneciente al servicio de pasajeros.<br \/>Los hechos relatan que ambos veh\u00edculos quer\u00edan ganar el paso en la carretera La Espa\u00f1ita que conduce a Real del Monte por la antigua carretera, ante tal suceso el conductor del transporte p\u00fablico se dio a la fuga sin ser detenido hasta el momento.<br \/>De acuerdo al reporte de los pasajeros, ambos autom\u00f3viles se encontraban circulando por dicha carretera cuando el chofer del Tsuru quiso ganar el paso y se encontr\u00f3 de frente con el auto Vento.<br \/>Ante esta situaci\u00f3n, automovilistas que transitaban por el lugar, detuvieron su marcha para tratar de ayudar a los lesionados del transporte p\u00fablico y reportaron el accidente al 066 n\u00famero de Emergencia.<br \/>De tal suceso resultaron lesionados tres pasajeros, los cuales responden al nombre de nombre Mar\u00eda del Carmen Padilla Hern\u00e1ndez de 25 a\u00f1os, Nayeli God\u00ednez Rosales de 28 a\u00f1os y \u00d3scar Romero Hern\u00e1ndez de 21 a\u00f1os, quienes de inmediato al dar aviso a las autoridades, llegaron param\u00e9dicos al lugar para ser trasladados a la cl\u00ednica Interm\u00e9dica.<br \/>De inmediato acudi\u00f3 la ambulancia con n\u00famero 0870 de Bomberos Pachuca para brindar los primeros auxilios, as\u00ed mismo elementos de la Polic\u00eda Municipal de Pachuca se hizo cargo para iniciar la carpeta de averiguaciones y se llev\u00f3 el autom\u00f3vil Tsuru al corral\u00f3n debido a que el chofer se dio a la fuga.<\/p>\n","protected":false},"excerpt":{"rendered":"<p>REAL DEL MONTE<\/p>\n","protected":false},"author":93,"featured_media":0,"comment_status":"open","ping_status":"open","sticky":false,"template":"","format":"standard","meta":{"footnotes":""},"categories":[37],"tags":[],"class_list":["post-26429","post","type-post","status-publish","format-standard","hentry","category-barandilla"],"_links":{"self":[{"href":"https:\/\/plazajuarez.mx\/historico\/wp-json\/wp\/v2\/posts\/26429","targetHints":{"allow":["GET"]}}],"collection":[{"href":"https:\/\/plazajuarez.mx\/historico\/wp-json\/wp\/v2\/posts"}],"about":[{"href":"https:\/\/plazajuarez.mx\/historico\/wp-json\/wp\/v2\/types\/post"}],"author":[{"embeddable":true,"href":"https:\/\/plazajuarez.mx\/historico\/wp-json\/wp\/v2\/users\/93"}],"replies":[{"embeddable":true,"href":"https:\/\/plazajuarez.mx\/historico\/wp-json\/wp\/v2\/comments?post=26429"}],"version-history":[{"count":0,"href":"https:\/\/plazajuarez.mx\/historico\/wp-json\/wp\/v2\/posts\/26429\/revisions"}],"wp:attachment":[{"href":"https:\/\/plazajuarez.mx\/historico\/wp-json\/wp\/v2\/media?parent=26429"}],"wp:term":[{"taxonomy":"category","embeddable":true,"href":"https:\/\/plazajuarez.mx\/historico\/wp-json\/wp\/v2\/categories?post=26429"},{"taxonomy":"post_tag","embeddable":true,"href":"https:\/\/plazajuarez.mx\/historico\/wp-json\/wp\/v2\/tags?post=26429"}],"curies":[{"name":"wp","href":"https:\/\/api.w.org\/{rel}","templated":true}]}}