{"id":264238,"date":"2023-06-09T01:06:00","date_gmt":"2023-06-09T07:06:00","guid":{"rendered":"https:\/\/plazajuarez.mx\/?p=264238"},"modified":"2023-06-09T13:09:41","modified_gmt":"2023-06-09T19:09:41","slug":"acusan-a-equipo-de-ricardo-ofarril-de-difundir-informacion-falsa","status":"publish","type":"post","link":"https:\/\/plazajuarez.mx\/historico\/acusan-a-equipo-de-ricardo-ofarril-de-difundir-informacion-falsa\/","title":{"rendered":"Acusan a equipo de Ricardo O&#8217;Farril de difundir informaci\u00f3n falsa\u00a0"},"content":{"rendered":"\n<p>A trav\u00e9s de sus cuentas de redes sociales, distintos miembros de la familia de Ricardo O\u2019Farrill han aclarado que el comediante se encuentra bien y est\u00e1 llevando un proceso para atender su salud mental.<\/p>\n\n\n\n<p>Este jueves su hermana, Marisa O\u2019Farrill Lozano denunci\u00f3 que una persona del equipo de Ricardo ha sido quien ha estado emitiendo comunicados a trav\u00e9s de la cuenta de Instagram del comediante, para denunciar su supuesta privaci\u00f3n de la libertad, as\u00ed como informaci\u00f3n que se contrapone a la que ellos han difundido.<\/p>\n\n\n\n<p>&#8220;S\u00f3lo para aclarar que mi hermano Ricardo O\u2019Farrill est\u00e1 bien, est\u00e1 en una cl\u00ednica, lo est\u00e1n atendiendo adecuadamente. As\u00ed que no hagan caso de todo lo que est\u00e1n publicando desde sus redes, una persona de su equipo, que est\u00e1 publicando cosas falsas desde sus redes sociales. As\u00ed que por favor no crean eso&#8221;.<\/p>\n\n\n\n<p>Marisa O\u2019Farrill tambi\u00e9n llam\u00f3 a los fans del standupero, a creer en la versi\u00f3n que ha manejado su familia. A esta postura se suma la de la prima del standupero, Regina Carregha, quien realiz\u00f3 una publicaci\u00f3n en la que pidi\u00f3 dejar de difundir informaci\u00f3n falsa y advirti\u00f3 que Richie se encuentra en un proceso de sanaci\u00f3n.<\/p>\n\n\n\n<p>All\u00ed comparti\u00f3 un correo electr\u00f3nico donde la familia recibe muestras de apoyo de parte de los seguidores del comediante: richie.ofarrill.fans@gmaill.com, pero pidi\u00f3 abstenerse de enviar insultos.<\/p>\n\n\n\n<p>El pasado mi\u00e9rcoles 7 de junio, el pap\u00e1 de Ricardo O\u2019Farrill emiti\u00f3 un comunicado en sus redes sociales en el que indic\u00f3 que el comediante se encuentra en buenas manos.<\/p>\n\n\n\n<p>En su cuenta de Twitter, Roberto O\u2019Farrill comparti\u00f3: &#8220;Nuestro Rich se encuentra en buenas manos est\u00e1 recibiendo atenci\u00f3n especializada acompa\u00f1ado de su familia. Queremos aclarar que toda la informaci\u00f3n que est\u00e1 saliendo a la luz en los medios es completamente falsa. Les pido que no se dejen llevar por los rumores infundados, ya que Ricardo est\u00e1 siendo atendido por expertos que est\u00e1n cuidando de su bienestar. Pronto estar\u00e1 de regreso, brind\u00e1ndonos su humor y talento como siempre lo ha hecho. Sigamos apoy\u00e1ndolo y esperando su pronta recuperaci\u00f3n&#8221;.<\/p>\n\n\n\n<p>Adem\u00e1s, la Secretar\u00eda de Seguridad de Ciudad de M\u00e9xico descart\u00f3 que el comediante se encontrara privado de su libertad, c\u00f3mo se hab\u00eda hecho creer al activar un bolet\u00edn de b\u00fasqueda para personas desaparecidas.<\/p>\n\n\n\n<p>La Polic\u00eda se entrevist\u00f3 con la mam\u00e1 de Richie, Mar\u00eda Isabella Lozano Zepeda, quien indic\u00f3 que el pap\u00e1 del comediante se lo llev\u00f3 a una cl\u00ednica psiqui\u00e1trica, ubicada en Huitzila, Hidalgo, derivado de una crisis de man\u00eda que sufri\u00f3 el standupero de 32 a\u00f1os.<\/p>\n\n\n\n<p>Este jueves, la Fiscal\u00eda General de Justicia de Ciudad de M\u00e9xico (FGJ) inform\u00f3 en sus redes sociales que ante la petici\u00f3n de la familia de desactivar la ficha de b\u00fasqueda del comediante, se trasladar\u00edan a Hidalgo para comprobar que \u00e9ste se encuentra en buenas condiciones.<\/p>\n\n\n\n<p>&#8220;Con relaci\u00f3n a la persona referida, la #FiscaliaCDMX informa que recibi\u00f3 documentaci\u00f3n, de parte de familiares y abogados que solicita dar de baja su b\u00fasqueda y establece su ubicaci\u00f3n en Hidalgo. Personal de la Instituci\u00f3n se traslada al lugar para confirmarlo&#8221;, se lee en un tuit.<\/p>\n\n\n\n<p>El video de Marisa O\u2019Farrill aparece luego de que el pasado mi\u00e9rcoles comenz\u00f3 a circular un comunicado en la cuenta de Instagram del comediante en el que se denunciaba que \u00e9ste se hallaba privado de su libertad desde el pasado 18 de mayo.<\/p>\n\n\n\n<p>\u00c9ste documento adem\u00e1s se\u00f1alaba a elementos de la Secretar\u00eda de Seguridad Ciudadana de haber sometido al standupero con lujo de violencia, &#8220;posterior a ello fue trasladado con lujo de violencia en un veh\u00edculo particular, con rumbo desconocido, hasta el momento, no se sabe nada acerca del C.Ricardo O&#8217;Farrill Lozano&#8221;.<\/p>\n","protected":false},"excerpt":{"rendered":"<p>A trav\u00e9s de sus cuentas de redes sociales, distintos miembros de la familia de Ricardo O\u2019Farrill han aclarado que el comediante se encuentra bien y est\u00e1 llevando un proceso para atender su salud mental. Este jueves su hermana, Marisa O\u2019Farrill Lozano denunci\u00f3 que una persona del equipo de Ricardo ha sido quien ha estado emitiendo [&hellip;]<\/p>\n","protected":false},"author":81,"featured_media":264242,"comment_status":"closed","ping_status":"closed","sticky":false,"template":"","format":"standard","meta":{"footnotes":""},"categories":[38,2166],"tags":[],"class_list":["post-264238","post","type-post","status-publish","format-standard","has-post-thumbnail","hentry","category-show","category-viral"],"_links":{"self":[{"href":"https:\/\/plazajuarez.mx\/historico\/wp-json\/wp\/v2\/posts\/264238","targetHints":{"allow":["GET"]}}],"collection":[{"href":"https:\/\/plazajuarez.mx\/historico\/wp-json\/wp\/v2\/posts"}],"about":[{"href":"https:\/\/plazajuarez.mx\/historico\/wp-json\/wp\/v2\/types\/post"}],"author":[{"embeddable":true,"href":"https:\/\/plazajuarez.mx\/historico\/wp-json\/wp\/v2\/users\/81"}],"replies":[{"embeddable":true,"href":"https:\/\/plazajuarez.mx\/historico\/wp-json\/wp\/v2\/comments?post=264238"}],"version-history":[{"count":0,"href":"https:\/\/plazajuarez.mx\/historico\/wp-json\/wp\/v2\/posts\/264238\/revisions"}],"wp:featuredmedia":[{"embeddable":true,"href":"https:\/\/plazajuarez.mx\/historico\/wp-json\/wp\/v2\/media\/264242"}],"wp:attachment":[{"href":"https:\/\/plazajuarez.mx\/historico\/wp-json\/wp\/v2\/media?parent=264238"}],"wp:term":[{"taxonomy":"category","embeddable":true,"href":"https:\/\/plazajuarez.mx\/historico\/wp-json\/wp\/v2\/categories?post=264238"},{"taxonomy":"post_tag","embeddable":true,"href":"https:\/\/plazajuarez.mx\/historico\/wp-json\/wp\/v2\/tags?post=264238"}],"curies":[{"name":"wp","href":"https:\/\/api.w.org\/{rel}","templated":true}]}}