{"id":264183,"date":"2023-06-09T06:11:32","date_gmt":"2023-06-09T12:11:32","guid":{"rendered":"https:\/\/plazajuarez.mx\/?p=264183"},"modified":"2023-06-09T06:11:35","modified_gmt":"2023-06-09T12:11:35","slug":"dos-personas-lesionadas-deja-choque-entre-colectiva-y-motocicleta","status":"publish","type":"post","link":"https:\/\/plazajuarez.mx\/historico\/dos-personas-lesionadas-deja-choque-entre-colectiva-y-motocicleta\/","title":{"rendered":"Dos personas lesionadas, deja choque entre colectiva y motocicleta"},"content":{"rendered":"\n<p><strong>TULANCINGO<\/strong>.- Dos mujeres terminaron con lesiones la ma\u00f1ana de ayer, jueves, luego de un choque entre una colectiva y una motocicleta, sobre la llamada Bajada de San Jos\u00e9, a la altura de la entrada a la colonia El Magisterio, en Tulancingo.<\/p>\n\n\n\n<p>El accidente se registr\u00f3 aproximadamente a las 7:45 horas de ayer, en la carretera federal Pachuca &#8211; Tuxpan a la altura de la entrada al Magisterio Uno.&nbsp;<\/p>\n\n\n\n<p>Los lesionados viajaban en una motocicleta de la marca Harley Davidson, color negro con placas de circulaci\u00f3n del Estado de M\u00e9xico, quienes fueron atendidos por param\u00e9dicos de Cruz Roja, traslad\u00e1ndolos a una cl\u00ednica para su atenci\u00f3n m\u00e9dica.<\/p>\n\n\n\n<p>La colectiva, de la marca Nissan, de la ruta Tulancingo &#8211; Mat\u00edas Rodr\u00edguez, junto con la motocicleta fueron trasladados al corral\u00f3n para su resguardo en tanto se deslindan responsabilidades.<\/p>\n\n\n\n<p>Guardia Nacional divisi\u00f3n carreteras, estaci\u00f3n Tulancingo tomaron conocimiento de los hechos y realizaron el abanderamiento correspondiente para evitar alguna otra situaci\u00f3n vial.<\/p>\n","protected":false},"excerpt":{"rendered":"<p>TULANCINGO.- Dos mujeres terminaron con lesiones la ma\u00f1ana de ayer, jueves, luego de un choque entre una colectiva y una motocicleta, sobre la llamada Bajada de San Jos\u00e9, a la altura de la entrada a la colonia El Magisterio, en Tulancingo. El accidente se registr\u00f3 aproximadamente a las 7:45 horas de ayer, en la carretera [&hellip;]<\/p>\n","protected":false},"author":70,"featured_media":264184,"comment_status":"closed","ping_status":"closed","sticky":false,"template":"","format":"standard","meta":{"footnotes":""},"categories":[2159,40],"tags":[],"class_list":["post-264183","post","type-post","status-publish","format-standard","has-post-thumbnail","hentry","category-noticias-de-hidalgo","category-region"],"_links":{"self":[{"href":"https:\/\/plazajuarez.mx\/historico\/wp-json\/wp\/v2\/posts\/264183","targetHints":{"allow":["GET"]}}],"collection":[{"href":"https:\/\/plazajuarez.mx\/historico\/wp-json\/wp\/v2\/posts"}],"about":[{"href":"https:\/\/plazajuarez.mx\/historico\/wp-json\/wp\/v2\/types\/post"}],"author":[{"embeddable":true,"href":"https:\/\/plazajuarez.mx\/historico\/wp-json\/wp\/v2\/users\/70"}],"replies":[{"embeddable":true,"href":"https:\/\/plazajuarez.mx\/historico\/wp-json\/wp\/v2\/comments?post=264183"}],"version-history":[{"count":0,"href":"https:\/\/plazajuarez.mx\/historico\/wp-json\/wp\/v2\/posts\/264183\/revisions"}],"wp:featuredmedia":[{"embeddable":true,"href":"https:\/\/plazajuarez.mx\/historico\/wp-json\/wp\/v2\/media\/264184"}],"wp:attachment":[{"href":"https:\/\/plazajuarez.mx\/historico\/wp-json\/wp\/v2\/media?parent=264183"}],"wp:term":[{"taxonomy":"category","embeddable":true,"href":"https:\/\/plazajuarez.mx\/historico\/wp-json\/wp\/v2\/categories?post=264183"},{"taxonomy":"post_tag","embeddable":true,"href":"https:\/\/plazajuarez.mx\/historico\/wp-json\/wp\/v2\/tags?post=264183"}],"curies":[{"name":"wp","href":"https:\/\/api.w.org\/{rel}","templated":true}]}}