{"id":264180,"date":"2023-06-09T06:09:29","date_gmt":"2023-06-09T12:09:29","guid":{"rendered":"https:\/\/plazajuarez.mx\/?p=264180"},"modified":"2023-06-09T06:09:33","modified_gmt":"2023-06-09T12:09:33","slug":"toma-protesta-consejo-general-para-agenda-de-genero","status":"publish","type":"post","link":"https:\/\/plazajuarez.mx\/historico\/toma-protesta-consejo-general-para-agenda-de-genero\/","title":{"rendered":"Toma protesta Consejo General para Agenda de G\u00e9nero"},"content":{"rendered":"\n<p>El d\u00eda de ayer se llev\u00f3 a cabo la instalaci\u00f3n y toma de protesta del Consejo General de Planeaci\u00f3n para la Agenda de G\u00e9nero del Centro de Conciliaci\u00f3n Laboral (CCLEH), en colaboraci\u00f3n con el Instituto Hidalguense de las Mujeres (IHM).<\/p>\n\n\n\n<p>El objetivo es que este \u00f3rgano se coordine, para ejecutar y evaluar la pol\u00edtica p\u00fablica en materia de igualdad; con la implementaci\u00f3n y transversalizaci\u00f3n de la perspectiva de g\u00e9nero que desarrolla el gobierno del estado.<\/p>\n\n\n\n<p>El director jur\u00eddico con facultades de Direcci\u00f3n General por Ministerio de Ley del CCLEH, Jos\u00e9 Antonio Vargas Olmedo, explic\u00f3 que este consejo elaborar\u00e1 un protocolo de seguimiento a los asuntos prioritarios que influyen en el desempe\u00f1o de las y los trabajadores.<\/p>\n\n\n\n<p>Adem\u00e1s de hacer frente a la responsabilidad de brindar correcta difusi\u00f3n de la cultura de igualdad, libre de violencia institucional.<\/p>\n","protected":false},"excerpt":{"rendered":"<p>El d\u00eda de ayer se llev\u00f3 a cabo la instalaci\u00f3n y toma de protesta del Consejo General de Planeaci\u00f3n para la Agenda de G\u00e9nero del Centro de Conciliaci\u00f3n Laboral (CCLEH), en colaboraci\u00f3n con el Instituto Hidalguense de las Mujeres (IHM). El objetivo es que este \u00f3rgano se coordine, para ejecutar y evaluar la pol\u00edtica p\u00fablica [&hellip;]<\/p>\n","protected":false},"author":93,"featured_media":264181,"comment_status":"closed","ping_status":"closed","sticky":false,"template":"","format":"standard","meta":{"footnotes":""},"categories":[59,2159],"tags":[],"class_list":["post-264180","post","type-post","status-publish","format-standard","has-post-thumbnail","hentry","category-general","category-noticias-de-hidalgo"],"_links":{"self":[{"href":"https:\/\/plazajuarez.mx\/historico\/wp-json\/wp\/v2\/posts\/264180","targetHints":{"allow":["GET"]}}],"collection":[{"href":"https:\/\/plazajuarez.mx\/historico\/wp-json\/wp\/v2\/posts"}],"about":[{"href":"https:\/\/plazajuarez.mx\/historico\/wp-json\/wp\/v2\/types\/post"}],"author":[{"embeddable":true,"href":"https:\/\/plazajuarez.mx\/historico\/wp-json\/wp\/v2\/users\/93"}],"replies":[{"embeddable":true,"href":"https:\/\/plazajuarez.mx\/historico\/wp-json\/wp\/v2\/comments?post=264180"}],"version-history":[{"count":0,"href":"https:\/\/plazajuarez.mx\/historico\/wp-json\/wp\/v2\/posts\/264180\/revisions"}],"wp:featuredmedia":[{"embeddable":true,"href":"https:\/\/plazajuarez.mx\/historico\/wp-json\/wp\/v2\/media\/264181"}],"wp:attachment":[{"href":"https:\/\/plazajuarez.mx\/historico\/wp-json\/wp\/v2\/media?parent=264180"}],"wp:term":[{"taxonomy":"category","embeddable":true,"href":"https:\/\/plazajuarez.mx\/historico\/wp-json\/wp\/v2\/categories?post=264180"},{"taxonomy":"post_tag","embeddable":true,"href":"https:\/\/plazajuarez.mx\/historico\/wp-json\/wp\/v2\/tags?post=264180"}],"curies":[{"name":"wp","href":"https:\/\/api.w.org\/{rel}","templated":true}]}}