{"id":264177,"date":"2023-06-09T06:07:00","date_gmt":"2023-06-09T12:07:00","guid":{"rendered":"https:\/\/plazajuarez.mx\/?p=264177"},"modified":"2023-06-09T06:07:04","modified_gmt":"2023-06-09T12:07:04","slug":"francia-e-hidalgo-estrechan-lazos-educativos-y-comerciales","status":"publish","type":"post","link":"https:\/\/plazajuarez.mx\/historico\/francia-e-hidalgo-estrechan-lazos-educativos-y-comerciales\/","title":{"rendered":"Francia e Hidalgo estrechan lazos educativos y comerciales"},"content":{"rendered":"\n<p>El gobernador del estado de Hidalgo, Julio Menchaca Salazar, y Jean-Pierre Asvazadourian, embajador de Francia en M\u00e9xico, sostuvieron una reuni\u00f3n con la finalidad de generar estrategias de vinculaci\u00f3n internacional para el intercambio acad\u00e9mico, tecnol\u00f3gico y cient\u00edfico, as\u00ed como la posibilidad de realizar inversiones econ\u00f3micas que permitan potencializar a la entidad.&nbsp;<\/p>\n\n\n\n<p>Menchaca Salazar dio a conocer que en este momento la Universidad Tecnol\u00f3gica Tula \u2013 Tepeji, firm\u00f3 un convenio de cooperaci\u00f3n con el Instituto Universitario de Tecnolog\u00eda de Evry Val-D\u2019Essonne para intercambio estudiantil y de profesorado.&nbsp;<\/p>\n\n\n\n<p>Mientras que la Universidad Polit\u00e9cnica Metropolitana de Hidalgo opera el Programa de Verano \u2018Aeron\u00e1utica y Espacio\u2019 con la Universidad Federal de Toulouse.<\/p>\n","protected":false},"excerpt":{"rendered":"<p>El gobernador del estado de Hidalgo, Julio Menchaca Salazar, y Jean-Pierre Asvazadourian, embajador de Francia en M\u00e9xico, sostuvieron una reuni\u00f3n con la finalidad de generar estrategias de vinculaci\u00f3n internacional para el intercambio acad\u00e9mico, tecnol\u00f3gico y cient\u00edfico, as\u00ed como la posibilidad de realizar inversiones econ\u00f3micas que permitan potencializar a la entidad.&nbsp; Menchaca Salazar dio a conocer [&hellip;]<\/p>\n","protected":false},"author":93,"featured_media":264178,"comment_status":"closed","ping_status":"closed","sticky":false,"template":"","format":"standard","meta":{"footnotes":""},"categories":[15,59,2159],"tags":[],"class_list":["post-264177","post","type-post","status-publish","format-standard","has-post-thumbnail","hentry","category-destacadas","category-general","category-noticias-de-hidalgo"],"_links":{"self":[{"href":"https:\/\/plazajuarez.mx\/historico\/wp-json\/wp\/v2\/posts\/264177","targetHints":{"allow":["GET"]}}],"collection":[{"href":"https:\/\/plazajuarez.mx\/historico\/wp-json\/wp\/v2\/posts"}],"about":[{"href":"https:\/\/plazajuarez.mx\/historico\/wp-json\/wp\/v2\/types\/post"}],"author":[{"embeddable":true,"href":"https:\/\/plazajuarez.mx\/historico\/wp-json\/wp\/v2\/users\/93"}],"replies":[{"embeddable":true,"href":"https:\/\/plazajuarez.mx\/historico\/wp-json\/wp\/v2\/comments?post=264177"}],"version-history":[{"count":0,"href":"https:\/\/plazajuarez.mx\/historico\/wp-json\/wp\/v2\/posts\/264177\/revisions"}],"wp:featuredmedia":[{"embeddable":true,"href":"https:\/\/plazajuarez.mx\/historico\/wp-json\/wp\/v2\/media\/264178"}],"wp:attachment":[{"href":"https:\/\/plazajuarez.mx\/historico\/wp-json\/wp\/v2\/media?parent=264177"}],"wp:term":[{"taxonomy":"category","embeddable":true,"href":"https:\/\/plazajuarez.mx\/historico\/wp-json\/wp\/v2\/categories?post=264177"},{"taxonomy":"post_tag","embeddable":true,"href":"https:\/\/plazajuarez.mx\/historico\/wp-json\/wp\/v2\/tags?post=264177"}],"curies":[{"name":"wp","href":"https:\/\/api.w.org\/{rel}","templated":true}]}}