{"id":264171,"date":"2023-06-09T06:04:48","date_gmt":"2023-06-09T12:04:48","guid":{"rendered":"https:\/\/plazajuarez.mx\/?p=264171"},"modified":"2023-06-09T06:04:54","modified_gmt":"2023-06-09T12:04:54","slug":"dese-por-enterado-1138","status":"publish","type":"post","link":"https:\/\/plazajuarez.mx\/historico\/dese-por-enterado-1138\/","title":{"rendered":"DESE POR ENTERADO"},"content":{"rendered":"\n<p><strong><br>\u00bfY LAS BECAS NATY?<\/strong> -El completo desconocimiento de lo que eran las Becas Miguel Hidalgo para alumnos de educaci\u00f3n superior, le ha salido caro a <strong>Natividad Castrej\u00f3n,<\/strong> titular de la Secretar\u00eda de Educaci\u00f3n P\u00fablica en Hidalgo, ya que desde un inicio en las entrevistas, fue notorio su desconocimiento en el tema. Ignora el origen de estas y la cobertura. El programa se convirti\u00f3 en Becas para la Transformaci\u00f3n y la log\u00edstica ha quedado mucho a deber ya que, a pesar de que se dieron a conocer los beneficiarios, ya va para un mes sin que reciban el apoyo correspondiente. Otro m\u00e1s que, contrario a la pol\u00edtica del gobernador <strong>Julio Menchaca Salazar<\/strong>, ama la impuntualidad. Ojal\u00e1 y tambi\u00e9n se registre tarde para alguna candidatura, s\u00f3lo por tener congruencia.<\/p>\n\n\n\n<figure class=\"wp-block-image size-full\"><img loading=\"lazy\" decoding=\"async\" width=\"1280\" height=\"853\" src=\"https:\/\/plazajuarez.mx\/historico\/historico\/wp-content\/uploads\/2023\/06\/\u00bfY-LAS-BECAS-NATY_-CORTESIA.jpg\" alt=\"\" class=\"wp-image-264172\" srcset=\"https:\/\/plazajuarez.mx\/historico\/wp-content\/uploads\/2023\/06\/\u00bfY-LAS-BECAS-NATY_-CORTESIA.jpg 1280w, https:\/\/plazajuarez.mx\/historico\/wp-content\/uploads\/2023\/06\/\u00bfY-LAS-BECAS-NATY_-CORTESIA-768x512.jpg 768w, https:\/\/plazajuarez.mx\/historico\/wp-content\/uploads\/2023\/06\/\u00bfY-LAS-BECAS-NATY_-CORTESIA-274x183.jpg 274w, https:\/\/plazajuarez.mx\/historico\/wp-content\/uploads\/2023\/06\/\u00bfY-LAS-BECAS-NATY_-CORTESIA-80x54.jpg 80w, https:\/\/plazajuarez.mx\/historico\/wp-content\/uploads\/2023\/06\/\u00bfY-LAS-BECAS-NATY_-CORTESIA-130x87.jpg 130w, https:\/\/plazajuarez.mx\/historico\/wp-content\/uploads\/2023\/06\/\u00bfY-LAS-BECAS-NATY_-CORTESIA-359x240.jpg 359w, https:\/\/plazajuarez.mx\/historico\/wp-content\/uploads\/2023\/06\/\u00bfY-LAS-BECAS-NATY_-CORTESIA-85x57.jpg 85w, https:\/\/plazajuarez.mx\/historico\/wp-content\/uploads\/2023\/06\/\u00bfY-LAS-BECAS-NATY_-CORTESIA-546x365.jpg 546w, https:\/\/plazajuarez.mx\/historico\/wp-content\/uploads\/2023\/06\/\u00bfY-LAS-BECAS-NATY_-CORTESIA-165x109.jpg 165w, https:\/\/plazajuarez.mx\/historico\/wp-content\/uploads\/2023\/06\/\u00bfY-LAS-BECAS-NATY_-CORTESIA-112x75.jpg 112w, https:\/\/plazajuarez.mx\/historico\/wp-content\/uploads\/2023\/06\/\u00bfY-LAS-BECAS-NATY_-CORTESIA-179x120.jpg 179w, https:\/\/plazajuarez.mx\/historico\/wp-content\/uploads\/2023\/06\/\u00bfY-LAS-BECAS-NATY_-CORTESIA-170x113.jpg 170w, https:\/\/plazajuarez.mx\/historico\/wp-content\/uploads\/2023\/06\/\u00bfY-LAS-BECAS-NATY_-CORTESIA-81x55.jpg 81w, https:\/\/plazajuarez.mx\/historico\/wp-content\/uploads\/2023\/06\/\u00bfY-LAS-BECAS-NATY_-CORTESIA-765x510.jpg 765w\" sizes=\"auto, (max-width: 1280px) 100vw, 1280px\" \/><\/figure>\n\n\n\n<hr class=\"wp-block-separator has-alpha-channel-opacity\"\/>\n\n\n\n<p><br>&nbsp;<strong>SUSANA \u00c1NGELES, LA CRUDA REALIDAD DE TIZAYUCA<\/strong>. &#8211; No, nadie hubiera preparado a la alcaldesa de Tizayuca, <strong>Susana \u00c1ngeles<\/strong>, para la cruda, crud\u00edsima realidad que la ha tocado enfrentar, y ante la cual, de plano el gobierno estatal y el federal, decidieron intervenir, luego que la presidenta municipal no dio se\u00f1ales de que sabr\u00eda qu\u00e9 hacer ante la inseguridad desbordada. Cierto, puede argumentar que la culpa es de los malandrines vecinos del Edomex, que el pasado ignominioso heredado por ella, que\u2026 lo que quiera y mande. Pero el hecho fundamental es que la situaci\u00f3n es cr\u00edtica, y solo las acciones coordinadas, junto toda la atenci\u00f3n de la alcaldesa, que debe dejar para otro momento sus intenciones de ser candidata al Senado, pueden dar resultados.<\/p>\n\n\n\n<figure class=\"wp-block-image size-full\"><img loading=\"lazy\" decoding=\"async\" width=\"1600\" height=\"1066\" src=\"https:\/\/plazajuarez.mx\/historico\/historico\/wp-content\/uploads\/2023\/06\/SUSANA-ANGELES-LA-CRUDA-REALIDAD-DE-TIZAYUCA-Facebook-Susy-Angeles.jpg\" alt=\"\" class=\"wp-image-264173\" srcset=\"https:\/\/plazajuarez.mx\/historico\/wp-content\/uploads\/2023\/06\/SUSANA-ANGELES-LA-CRUDA-REALIDAD-DE-TIZAYUCA-Facebook-Susy-Angeles.jpg 1600w, https:\/\/plazajuarez.mx\/historico\/wp-content\/uploads\/2023\/06\/SUSANA-ANGELES-LA-CRUDA-REALIDAD-DE-TIZAYUCA-Facebook-Susy-Angeles-768x512.jpg 768w, https:\/\/plazajuarez.mx\/historico\/wp-content\/uploads\/2023\/06\/SUSANA-ANGELES-LA-CRUDA-REALIDAD-DE-TIZAYUCA-Facebook-Susy-Angeles-1536x1023.jpg 1536w, https:\/\/plazajuarez.mx\/historico\/wp-content\/uploads\/2023\/06\/SUSANA-ANGELES-LA-CRUDA-REALIDAD-DE-TIZAYUCA-Facebook-Susy-Angeles-274x183.jpg 274w, https:\/\/plazajuarez.mx\/historico\/wp-content\/uploads\/2023\/06\/SUSANA-ANGELES-LA-CRUDA-REALIDAD-DE-TIZAYUCA-Facebook-Susy-Angeles-80x54.jpg 80w, https:\/\/plazajuarez.mx\/historico\/wp-content\/uploads\/2023\/06\/SUSANA-ANGELES-LA-CRUDA-REALIDAD-DE-TIZAYUCA-Facebook-Susy-Angeles-130x87.jpg 130w, https:\/\/plazajuarez.mx\/historico\/wp-content\/uploads\/2023\/06\/SUSANA-ANGELES-LA-CRUDA-REALIDAD-DE-TIZAYUCA-Facebook-Susy-Angeles-359x240.jpg 359w, https:\/\/plazajuarez.mx\/historico\/wp-content\/uploads\/2023\/06\/SUSANA-ANGELES-LA-CRUDA-REALIDAD-DE-TIZAYUCA-Facebook-Susy-Angeles-85x57.jpg 85w, https:\/\/plazajuarez.mx\/historico\/wp-content\/uploads\/2023\/06\/SUSANA-ANGELES-LA-CRUDA-REALIDAD-DE-TIZAYUCA-Facebook-Susy-Angeles-546x365.jpg 546w, https:\/\/plazajuarez.mx\/historico\/wp-content\/uploads\/2023\/06\/SUSANA-ANGELES-LA-CRUDA-REALIDAD-DE-TIZAYUCA-Facebook-Susy-Angeles-165x109.jpg 165w, https:\/\/plazajuarez.mx\/historico\/wp-content\/uploads\/2023\/06\/SUSANA-ANGELES-LA-CRUDA-REALIDAD-DE-TIZAYUCA-Facebook-Susy-Angeles-112x75.jpg 112w, https:\/\/plazajuarez.mx\/historico\/wp-content\/uploads\/2023\/06\/SUSANA-ANGELES-LA-CRUDA-REALIDAD-DE-TIZAYUCA-Facebook-Susy-Angeles-179x120.jpg 179w, https:\/\/plazajuarez.mx\/historico\/wp-content\/uploads\/2023\/06\/SUSANA-ANGELES-LA-CRUDA-REALIDAD-DE-TIZAYUCA-Facebook-Susy-Angeles-170x113.jpg 170w, https:\/\/plazajuarez.mx\/historico\/wp-content\/uploads\/2023\/06\/SUSANA-ANGELES-LA-CRUDA-REALIDAD-DE-TIZAYUCA-Facebook-Susy-Angeles-81x55.jpg 81w, https:\/\/plazajuarez.mx\/historico\/wp-content\/uploads\/2023\/06\/SUSANA-ANGELES-LA-CRUDA-REALIDAD-DE-TIZAYUCA-Facebook-Susy-Angeles-765x510.jpg 765w\" sizes=\"auto, (max-width: 1600px) 100vw, 1600px\" \/><\/figure>\n\n\n\n<hr class=\"wp-block-separator has-alpha-channel-opacity\"\/>\n\n\n\n<p><strong>SANTIAGO NIETO, AL RESCATE<\/strong>. \u2013 El encargado del despacho de la Procuradur\u00eda General de Justicia de Hidalgo, <strong>Santiago Nieto,<\/strong> es el encargado del rescate del municipio de Tizayuca. Hay investigaci\u00f3n y se esperan buenos resultados en los pr\u00f3ximos d\u00edas, que le devuelvan la tranquilidad a la poblaci\u00f3n del lugar. Porque de plano el miedo se apoder\u00f3 de los vecinos, y c\u00f3mo no, si los asesinatos se sucedieron uno tras otro. Se trata de uno de los retos m\u00e1s grandes del Procurador, que est\u00e1 obligado a dar buenos resultados. Aqu\u00ed es donde se ver\u00e1 de qu\u00e9 est\u00e1 hecho <strong>Santiago Nieto<\/strong>. Por el bien de todos, deseamos que salga avante del reto.<\/p>\n\n\n\n<figure class=\"wp-block-image size-full\"><img loading=\"lazy\" decoding=\"async\" width=\"800\" height=\"535\" src=\"https:\/\/plazajuarez.mx\/historico\/historico\/wp-content\/uploads\/2023\/06\/SANTIAGO-NIETO-AL-RESCATE-ARCHIVO.jpg\" alt=\"\" class=\"wp-image-264174\" srcset=\"https:\/\/plazajuarez.mx\/historico\/wp-content\/uploads\/2023\/06\/SANTIAGO-NIETO-AL-RESCATE-ARCHIVO.jpg 800w, https:\/\/plazajuarez.mx\/historico\/wp-content\/uploads\/2023\/06\/SANTIAGO-NIETO-AL-RESCATE-ARCHIVO-768x514.jpg 768w, https:\/\/plazajuarez.mx\/historico\/wp-content\/uploads\/2023\/06\/SANTIAGO-NIETO-AL-RESCATE-ARCHIVO-274x183.jpg 274w, https:\/\/plazajuarez.mx\/historico\/wp-content\/uploads\/2023\/06\/SANTIAGO-NIETO-AL-RESCATE-ARCHIVO-80x54.jpg 80w, https:\/\/plazajuarez.mx\/historico\/wp-content\/uploads\/2023\/06\/SANTIAGO-NIETO-AL-RESCATE-ARCHIVO-130x87.jpg 130w, https:\/\/plazajuarez.mx\/historico\/wp-content\/uploads\/2023\/06\/SANTIAGO-NIETO-AL-RESCATE-ARCHIVO-359x240.jpg 359w, https:\/\/plazajuarez.mx\/historico\/wp-content\/uploads\/2023\/06\/SANTIAGO-NIETO-AL-RESCATE-ARCHIVO-85x57.jpg 85w, https:\/\/plazajuarez.mx\/historico\/wp-content\/uploads\/2023\/06\/SANTIAGO-NIETO-AL-RESCATE-ARCHIVO-546x365.jpg 546w, https:\/\/plazajuarez.mx\/historico\/wp-content\/uploads\/2023\/06\/SANTIAGO-NIETO-AL-RESCATE-ARCHIVO-266x179.jpg 266w, https:\/\/plazajuarez.mx\/historico\/wp-content\/uploads\/2023\/06\/SANTIAGO-NIETO-AL-RESCATE-ARCHIVO-165x109.jpg 165w, https:\/\/plazajuarez.mx\/historico\/wp-content\/uploads\/2023\/06\/SANTIAGO-NIETO-AL-RESCATE-ARCHIVO-347x233.jpg 347w, https:\/\/plazajuarez.mx\/historico\/wp-content\/uploads\/2023\/06\/SANTIAGO-NIETO-AL-RESCATE-ARCHIVO-112x75.jpg 112w, https:\/\/plazajuarez.mx\/historico\/wp-content\/uploads\/2023\/06\/SANTIAGO-NIETO-AL-RESCATE-ARCHIVO-179x120.jpg 179w, https:\/\/plazajuarez.mx\/historico\/wp-content\/uploads\/2023\/06\/SANTIAGO-NIETO-AL-RESCATE-ARCHIVO-170x113.jpg 170w, https:\/\/plazajuarez.mx\/historico\/wp-content\/uploads\/2023\/06\/SANTIAGO-NIETO-AL-RESCATE-ARCHIVO-81x55.jpg 81w\" sizes=\"auto, (max-width: 800px) 100vw, 800px\" \/><\/figure>\n\n\n\n<hr class=\"wp-block-separator has-alpha-channel-opacity\"\/>\n\n\n\n<p><strong>\u00bfY EL GORILA?<\/strong> \u2013 Hay muchas hip\u00f3tesis respecto al avistamiento de un gorila por los rumbos de Villa de Tezontepec. Algunos llegaron a afirmar que se trata del nuevo disfraz de pri\u00edstas que perdieron la contienda en el Edomex, y que de este modo huyen de la furia de los tricolores de esa entidad. Otros, que es la pre-pre-pre-campa\u00f1a de aspirantes al senado, a diputados federales y alcaldes en Hidalgo. \u201cFuerza gorila para combatir al crimen\u201d, ser\u00eda su eslogan. Otros m\u00e1s juran que se trata de un ser de otro mundo, y que por eso puede aparecer y desaparecer a su antojo. Nadie sabe por el momento la realidad del asunto. Los mantendremos informados.<\/p>\n\n\n\n\n\n<hr class=\"wp-block-separator has-alpha-channel-opacity\"\/>\n\n\n\n<p><strong>Aviso para que no digan: Esta columna se nutre de comentarios recabados por agencias del Recontra-Espionaje, muy similares a las que populariz\u00f3 el \u201cS\u00faper Agente 86\u201d en sus tiempos. Como tal lo que publicamos puede que sea cierto, puede que no, o todo lo contrario. Est\u00e1 usted en libertad de creer o no lo que lee, recontra-enojarse, recontra- carcajearse y hasta recontra-recordarnos a nuestra jefecita (nosotros recontra-haremos lo propio). Avisado est\u00e1 usted.&nbsp;<\/strong><\/p>\n\n\n\n<p><strong>desexenterado@gmail.com @desexenterado<\/strong><\/p>\n","protected":false},"excerpt":{"rendered":"<p>\u00bfY LAS BECAS NATY? -El completo desconocimiento de lo que eran las Becas Miguel Hidalgo para alumnos de educaci\u00f3n superior, le ha salido caro a Natividad Castrej\u00f3n, titular de la Secretar\u00eda de Educaci\u00f3n P\u00fablica en Hidalgo, ya que desde un inicio en las entrevistas, fue notorio su desconocimiento en el tema. Ignora el origen de [&hellip;]<\/p>\n","protected":false},"author":93,"featured_media":234681,"comment_status":"closed","ping_status":"closed","sticky":false,"template":"","format":"standard","meta":{"footnotes":""},"categories":[83],"tags":[],"class_list":["post-264171","post","type-post","status-publish","format-standard","has-post-thumbnail","hentry","category-dese-por-enterado"],"_links":{"self":[{"href":"https:\/\/plazajuarez.mx\/historico\/wp-json\/wp\/v2\/posts\/264171","targetHints":{"allow":["GET"]}}],"collection":[{"href":"https:\/\/plazajuarez.mx\/historico\/wp-json\/wp\/v2\/posts"}],"about":[{"href":"https:\/\/plazajuarez.mx\/historico\/wp-json\/wp\/v2\/types\/post"}],"author":[{"embeddable":true,"href":"https:\/\/plazajuarez.mx\/historico\/wp-json\/wp\/v2\/users\/93"}],"replies":[{"embeddable":true,"href":"https:\/\/plazajuarez.mx\/historico\/wp-json\/wp\/v2\/comments?post=264171"}],"version-history":[{"count":0,"href":"https:\/\/plazajuarez.mx\/historico\/wp-json\/wp\/v2\/posts\/264171\/revisions"}],"wp:featuredmedia":[{"embeddable":true,"href":"https:\/\/plazajuarez.mx\/historico\/wp-json\/wp\/v2\/media\/234681"}],"wp:attachment":[{"href":"https:\/\/plazajuarez.mx\/historico\/wp-json\/wp\/v2\/media?parent=264171"}],"wp:term":[{"taxonomy":"category","embeddable":true,"href":"https:\/\/plazajuarez.mx\/historico\/wp-json\/wp\/v2\/categories?post=264171"},{"taxonomy":"post_tag","embeddable":true,"href":"https:\/\/plazajuarez.mx\/historico\/wp-json\/wp\/v2\/tags?post=264171"}],"curies":[{"name":"wp","href":"https:\/\/api.w.org\/{rel}","templated":true}]}}