{"id":264169,"date":"2023-06-09T06:02:20","date_gmt":"2023-06-09T12:02:20","guid":{"rendered":"https:\/\/plazajuarez.mx\/?p=264169"},"modified":"2023-06-09T06:02:23","modified_gmt":"2023-06-09T12:02:23","slug":"el-tarzan-cuando-no-se-puede-escapar-al-destino","status":"publish","type":"post","link":"https:\/\/plazajuarez.mx\/historico\/el-tarzan-cuando-no-se-puede-escapar-al-destino\/","title":{"rendered":"\u201cEl Tarz\u00e1n\u201d: cuando no se puede escapar al destino"},"content":{"rendered":"\n<h2 class=\"wp-block-heading\">RETRATOS HABLADOS<\/h2>\n\n\n\n<p>Igual que Javier Lira Puchet, \u201cEl Tarz\u00e1n\u201d, personaje central de la novela <strong>\u201cLo de Antes\u201d de Luis Spota,<\/strong> muy posiblemente una buena parte de los que esperaron con ansiedad pasara la pandemia del Covid-19 para salir a la calle, y demostrar que su nueva normalidad era la de una persona reformada, humana, sensible al dolor ajeno, a la vuelta de la esquina se encontraron con la eterna y antigua realidad en que simplemente deb\u00edan echar mano de lo que se les cruzara en el camino y as\u00ed enfrentar un mundo que no tiene remedio, y mucho menos espacio para los que creyeron ser redimidos por el simple hecho de estar encerrados casi medio a\u00f1o.<\/p>\n\n\n\n<p>\u201cEl Tarz\u00e1n\u201d sale de la c\u00e1rcel luego de purgar su condena por haber sido un ladr\u00f3n. Pero no es un ex convicto cualquiera: tiene la decisi\u00f3n absoluta de reformarse, de no volver a delinquir y dedicar todo a su familia, su esposa, una hija enferma y otra en&nbsp; camino.<\/p>\n\n\n\n<p>No pasar\u00e1 mucho tiempo para darse cuenta que el salario que recibe como empleado de un banco no le alcanza, y el encuentro con un ex colega de atracos lo lleva a pensar que robar a una instituci\u00f3n crediticia como la que lo emplea ser\u00e1 un simple acto de justicia. A \u00faltima hora se arrepiente pero queda en la mira de un polic\u00eda corrupto que particip\u00f3 en su captura, esa ocasi\u00f3n que fue a parar hasta las Islas Mar\u00edas.<\/p>\n\n\n\n<p>En d\u00edas, en horas, el compromiso de \u201cEl Tarz\u00e1n\u201d para que su vida pasada quedara en eso, en el pasado, se desvanece. Ya no es que quiera o no reformarse, es que ya no puede. Por eso la novela lleva por nombre \u201cLo de Antes\u201d, porque la realidad, la simple realidad, lo regresa a eso, a \u201clo de antes\u201d, a ser el engranaje de una sociedad que no camina sin que cada cual cumpla el papel que le fue asignado qui\u00e9n sabe desde qu\u00e9 momento o instante.<\/p>\n\n\n\n<p>Igual que Javier Lira Puchet, miles, millones al menos tuvieron la intenci\u00f3n de esperar que terminara el encierro para demostrar, en los hechos, que hab\u00edan cambiado, que aprendieron y se dieron cuenta que estaban en el error, que solo necesitaban estos meses de enclaustramiento para entender que era posible caminar por nuevos senderos plenos de bondad, honestidad y amor absoluto por sus semejantes.<\/p>\n\n\n\n<p>Y s\u00ed, vimos por semanas, incluso meses, que en muchos rostros resplandec\u00edan de buenas intenciones, inclinaci\u00f3n por la bondad, la empat\u00eda, la solidaridad con sus semejantes.<\/p>\n\n\n\n<p>Pero un d\u00eda cualquiera y hasta sin darnos cuenta, empezamos a ser los de siempre, los de antes, los que sin duda le intentaron, hicieron todo lo humanamente posible para cambiar y contribuir a dar vida a una nueva humanidad.<\/p>\n\n\n\n<p>Sin embargo la realidad es la misma a la que se enfrent\u00f3 \u201cEl Tarz\u00e1n\u201d, esa con personajes como el polic\u00eda corrupto que se permite leerle la letan\u00eda del mundo real donde no caben los arrepentidos, donde una golpiza de la vida endereza (o enchueca para siempre) al que pretend\u00eda ser ejemplo de rectitud y bondad.<\/p>\n\n\n\n<p>Lira Puchet dijo y jur\u00f3 que terminada su condena en el encierro, saldr\u00eda para dar testimonio de que es posible cambiar, y empezar a mirar con otros ojos el mundo, y esos ojos deb\u00edan ser los de la sinceridad, la honestidad, el coraz\u00f3n por delante en todo.<\/p>\n\n\n\n<p>Pero \u201cEl Tarz\u00e1n\u201d nunca pudo escapar a su destino, a su suerte, a \u201clo de antes\u201d. Nosotros\u2026 tampoco.<\/p>\n\n\n\n<p>Mil gracias, hasta el lunes.<\/p>\n\n\n\n<p>Mi Correo: <a href=\"mailto:jeperalta@plazajuarez.mx\/historico\/historico\">jeperalta@plazajuarez.mx\/historico\/historico<\/a><\/p>\n\n\n\n<p>Mi Tweet: @JavierEPeralta<\/p>\n","protected":false},"excerpt":{"rendered":"<p>RETRATOS HABLADOS Igual que Javier Lira Puchet, \u201cEl Tarz\u00e1n\u201d, personaje central de la novela \u201cLo de Antes\u201d de Luis Spota, muy posiblemente una buena parte de los que esperaron con ansiedad pasara la pandemia del Covid-19 para salir a la calle, y demostrar que su nueva normalidad era la de una persona reformada, humana, sensible [&hellip;]<\/p>\n","protected":false},"author":10,"featured_media":241756,"comment_status":"closed","ping_status":"closed","sticky":false,"template":"","format":"standard","meta":{"footnotes":""},"categories":[49,42],"tags":[],"class_list":["post-264169","post","type-post","status-publish","format-standard","has-post-thumbnail","hentry","category-javier-peralta","category-nuestrapalabra"],"_links":{"self":[{"href":"https:\/\/plazajuarez.mx\/historico\/wp-json\/wp\/v2\/posts\/264169","targetHints":{"allow":["GET"]}}],"collection":[{"href":"https:\/\/plazajuarez.mx\/historico\/wp-json\/wp\/v2\/posts"}],"about":[{"href":"https:\/\/plazajuarez.mx\/historico\/wp-json\/wp\/v2\/types\/post"}],"author":[{"embeddable":true,"href":"https:\/\/plazajuarez.mx\/historico\/wp-json\/wp\/v2\/users\/10"}],"replies":[{"embeddable":true,"href":"https:\/\/plazajuarez.mx\/historico\/wp-json\/wp\/v2\/comments?post=264169"}],"version-history":[{"count":0,"href":"https:\/\/plazajuarez.mx\/historico\/wp-json\/wp\/v2\/posts\/264169\/revisions"}],"wp:featuredmedia":[{"embeddable":true,"href":"https:\/\/plazajuarez.mx\/historico\/wp-json\/wp\/v2\/media\/241756"}],"wp:attachment":[{"href":"https:\/\/plazajuarez.mx\/historico\/wp-json\/wp\/v2\/media?parent=264169"}],"wp:term":[{"taxonomy":"category","embeddable":true,"href":"https:\/\/plazajuarez.mx\/historico\/wp-json\/wp\/v2\/categories?post=264169"},{"taxonomy":"post_tag","embeddable":true,"href":"https:\/\/plazajuarez.mx\/historico\/wp-json\/wp\/v2\/tags?post=264169"}],"curies":[{"name":"wp","href":"https:\/\/api.w.org\/{rel}","templated":true}]}}