{"id":264155,"date":"2023-06-09T05:53:47","date_gmt":"2023-06-09T11:53:47","guid":{"rendered":"https:\/\/plazajuarez.mx\/?p=264155"},"modified":"2023-06-09T05:53:51","modified_gmt":"2023-06-09T11:53:51","slug":"reciben-propuestas-del-parlamento-infantil-federal","status":"publish","type":"post","link":"https:\/\/plazajuarez.mx\/historico\/reciben-propuestas-del-parlamento-infantil-federal\/","title":{"rendered":"Reciben propuestas del Parlamento Infantil federal\u00a0"},"content":{"rendered":"\n<p>Luego de que se realizara el 12 Parlamento de las Ni\u00f1as y los Ni\u00f1os de M\u00e9xico, los siete legisladores federales infantiles que representaron a Hidalgo, acudieron al Congreso Local para hacer entrega de la Declaratoria que eman\u00f3 de dicho ejercicio a nivel federal, documento que resume las propuestas realizadas durante el Parlamento Infantil.<\/p>\n\n\n\n<p>Al respecto, Mar\u00eda del Refugio Garc\u00eda L\u00f3pez, vocal ejecutiva del Instituto Nacional Electoral (INE) de Hidalgo, mencion\u00f3 que el Parlamento Infantil fue realizado del tres al seis de mayo de 2023 y estuvo integrado por 293 ni\u00f1as y ni\u00f1os de quinto a\u00f1o de escuelas primarias, p\u00fablicas y privadas, de zonas rurales y urbanas, de todo el pa\u00eds.<\/p>\n\n\n\n<p>Al hacer uso de la voz y en representaci\u00f3n de los siete diputados federales infantiles, Edson Hern\u00e1ndez Calixto, legislador infantil del distrito con cabecera en Tepeapulco, enfatiz\u00f3 el inter\u00e9s por que se cumpla con el contenido de la Declaratoria&nbsp; entregada, a fin de que los legisladores locales analicen y retomen los distintos puntos para la conformaci\u00f3n de nuevas iniciativas a favor de los ni\u00f1os y adolescentes de Hidalgo.<\/p>\n\n\n\n<p>Por su parte, Julio Valera Piedras, presidente de la Junta de Gobierno de la 65 legislatura, se comprometi\u00f3 en revisar cada una de las propuestas presentadas para que los integrantes del Congreso Local las retomen y se trabaje en las diversas vertientes contenidas.&nbsp;<\/p>\n\n\n\n<p>Finalmente, los invit\u00f3 a tener perseverancia en sus estudios y en sus metas, para que puedan aprovechar el talento que tienen y que les llev\u00f3 a ser diputadas y diputados federales infantiles y felicit\u00f3 a los padres de familia al apoyar a sus hijos.<\/p>\n\n\n\n<p>Las diputadas y los diputados federales infantiles son: Camila Rodr\u00edguez Hern\u00e1ndez, del distrito I de Huejutla; Gael de Jes\u00fas Mart\u00ednez G\u00f3mez, del distrito II de Ixmiquilpan; Enrique Guerrero Melgarejo, del distrito III de Actopan y Libni Sara\u00ed Luque\u00f1o Caldejas, representante del distrito IV de Tulancingo; Carlos Manuel Mart\u00ednez Hern\u00e1ndez, del distrito V de Tula; Cynthia Castro Herrera, del distrito VI de Pachuca y Edson Hern\u00e1ndez Calixto, del distrito VII de Tepeapulco.<\/p>\n","protected":false},"excerpt":{"rendered":"<p>Luego de que se realizara el 12 Parlamento de las Ni\u00f1as y los Ni\u00f1os de M\u00e9xico, los siete legisladores federales infantiles que representaron a Hidalgo, acudieron al Congreso Local para hacer entrega de la Declaratoria que eman\u00f3 de dicho ejercicio a nivel federal, documento que resume las propuestas realizadas durante el Parlamento Infantil. Al respecto, [&hellip;]<\/p>\n","protected":false},"author":72,"featured_media":264156,"comment_status":"closed","ping_status":"closed","sticky":false,"template":"","format":"standard","meta":{"footnotes":""},"categories":[59,2159],"tags":[],"class_list":["post-264155","post","type-post","status-publish","format-standard","has-post-thumbnail","hentry","category-general","category-noticias-de-hidalgo"],"_links":{"self":[{"href":"https:\/\/plazajuarez.mx\/historico\/wp-json\/wp\/v2\/posts\/264155","targetHints":{"allow":["GET"]}}],"collection":[{"href":"https:\/\/plazajuarez.mx\/historico\/wp-json\/wp\/v2\/posts"}],"about":[{"href":"https:\/\/plazajuarez.mx\/historico\/wp-json\/wp\/v2\/types\/post"}],"author":[{"embeddable":true,"href":"https:\/\/plazajuarez.mx\/historico\/wp-json\/wp\/v2\/users\/72"}],"replies":[{"embeddable":true,"href":"https:\/\/plazajuarez.mx\/historico\/wp-json\/wp\/v2\/comments?post=264155"}],"version-history":[{"count":0,"href":"https:\/\/plazajuarez.mx\/historico\/wp-json\/wp\/v2\/posts\/264155\/revisions"}],"wp:featuredmedia":[{"embeddable":true,"href":"https:\/\/plazajuarez.mx\/historico\/wp-json\/wp\/v2\/media\/264156"}],"wp:attachment":[{"href":"https:\/\/plazajuarez.mx\/historico\/wp-json\/wp\/v2\/media?parent=264155"}],"wp:term":[{"taxonomy":"category","embeddable":true,"href":"https:\/\/plazajuarez.mx\/historico\/wp-json\/wp\/v2\/categories?post=264155"},{"taxonomy":"post_tag","embeddable":true,"href":"https:\/\/plazajuarez.mx\/historico\/wp-json\/wp\/v2\/tags?post=264155"}],"curies":[{"name":"wp","href":"https:\/\/api.w.org\/{rel}","templated":true}]}}