{"id":264092,"date":"2023-06-08T10:39:55","date_gmt":"2023-06-08T16:39:55","guid":{"rendered":"https:\/\/plazajuarez.mx\/?p=264092"},"modified":"2023-06-08T10:39:58","modified_gmt":"2023-06-08T16:39:58","slug":"emboscaron-a-elementos-de-la-fiscalia-para-rescatar-a-un-detenido-en-culiacan","status":"publish","type":"post","link":"https:\/\/plazajuarez.mx\/historico\/emboscaron-a-elementos-de-la-fiscalia-para-rescatar-a-un-detenido-en-culiacan\/","title":{"rendered":"Emboscaron a elementos de la Fiscal\u00eda\u00a0para rescatar a un detenido, en Culiac\u00e1n"},"content":{"rendered":"\n<p>Un grupo armado que viajaba en cuatro unidades rode\u00f3 a elementos de la Polic\u00eda de Investigaci\u00f3n en el Desarrollo Urbano de Tres R\u00edos, Sinaloa, que trasladaban a un detenido, presuntamente en intento de rescate pero huyeron al percatarse que fuerzas federales, estatales y municipales llegaron para apoyar a los interceptados.<\/p>\n\n\n\n<p>A trav\u00e9s de su cuenta de Tweet, el Secretario de Seguridad P\u00fablica del Estado, Crist\u00f3bal Casta\u00f1eda Camarillo, dijo que no se registr\u00f3 ning\u00fan enfrentamiento, puesto que el grupo de civiles que interceptaron a elementos de la Fiscal\u00eda General del Estado lograron huir del lugar.<\/p>\n\n\n\n<p>En su breve mensaje, el funcionario certific\u00f3 que agentes de investigaci\u00f3n que trasladaban a una persona detenida, se percataron de la presencia de civiles armados, por lo que estos solicitaron apoyo, de ah\u00ed que los tres \u00f3rdenes de gobierno respondieron.<\/p>\n\n\n\n<p>Seg\u00fan la informaci\u00f3n que se conoce, personal de la Fiscal\u00eda General del Estado en cumplimiento de una orden de aprehensi\u00f3n, en la zona residencial de la colonia Chapultepec, detuvieron a una persona a\u00fan no identificada, en su desplazamiento, muy cerca del estadio de futbol de los Dorados, en el Desarrollo Urbano de Tres R\u00edos fueron alcanzados.<\/p>\n\n\n\n<p>Los hombres armados que viajaban en cuatro veh\u00edculos, rodearon a los agentes de investigaci\u00f3n, cerca del cruce de la avenida Rotarismo y la calle Enrique Cabrera, por lo que los elementos solicitaron apoyo del Ej\u00e9rcito, Guardia Nacional y las polic\u00edas estatales y municipales.<\/p>\n","protected":false},"excerpt":{"rendered":"<p>Un grupo armado que viajaba en cuatro unidades rode\u00f3 a elementos de la Polic\u00eda de Investigaci\u00f3n en el Desarrollo Urbano de Tres R\u00edos, Sinaloa, que trasladaban a un detenido, presuntamente en intento de rescate pero huyeron al percatarse que fuerzas federales, estatales y municipales llegaron para apoyar a los interceptados. A trav\u00e9s de su cuenta [&hellip;]<\/p>\n","protected":false},"author":81,"featured_media":264093,"comment_status":"closed","ping_status":"closed","sticky":false,"template":"","format":"standard","meta":{"footnotes":""},"categories":[37],"tags":[],"class_list":["post-264092","post","type-post","status-publish","format-standard","has-post-thumbnail","hentry","category-barandilla"],"_links":{"self":[{"href":"https:\/\/plazajuarez.mx\/historico\/wp-json\/wp\/v2\/posts\/264092","targetHints":{"allow":["GET"]}}],"collection":[{"href":"https:\/\/plazajuarez.mx\/historico\/wp-json\/wp\/v2\/posts"}],"about":[{"href":"https:\/\/plazajuarez.mx\/historico\/wp-json\/wp\/v2\/types\/post"}],"author":[{"embeddable":true,"href":"https:\/\/plazajuarez.mx\/historico\/wp-json\/wp\/v2\/users\/81"}],"replies":[{"embeddable":true,"href":"https:\/\/plazajuarez.mx\/historico\/wp-json\/wp\/v2\/comments?post=264092"}],"version-history":[{"count":0,"href":"https:\/\/plazajuarez.mx\/historico\/wp-json\/wp\/v2\/posts\/264092\/revisions"}],"wp:featuredmedia":[{"embeddable":true,"href":"https:\/\/plazajuarez.mx\/historico\/wp-json\/wp\/v2\/media\/264093"}],"wp:attachment":[{"href":"https:\/\/plazajuarez.mx\/historico\/wp-json\/wp\/v2\/media?parent=264092"}],"wp:term":[{"taxonomy":"category","embeddable":true,"href":"https:\/\/plazajuarez.mx\/historico\/wp-json\/wp\/v2\/categories?post=264092"},{"taxonomy":"post_tag","embeddable":true,"href":"https:\/\/plazajuarez.mx\/historico\/wp-json\/wp\/v2\/tags?post=264092"}],"curies":[{"name":"wp","href":"https:\/\/api.w.org\/{rel}","templated":true}]}}