{"id":264058,"date":"2023-06-08T05:00:00","date_gmt":"2023-06-08T11:00:00","guid":{"rendered":"https:\/\/plazajuarez.mx\/?p=264058"},"modified":"2023-06-07T22:43:31","modified_gmt":"2023-06-08T04:43:31","slug":"hay-luz-en-el-jardin","status":"publish","type":"post","link":"https:\/\/plazajuarez.mx\/historico\/hay-luz-en-el-jardin\/","title":{"rendered":"Hay luz en el jard\u00edn"},"content":{"rendered":"\n<h2 class=\"wp-block-heading\">LAGUNA DE VOCES<\/h2>\n\n\n\n<p>Hab\u00eda una luz en el jard\u00edn. De eso no hay ninguna duda, porque el rostro le qued\u00f3 requemado cerca de los ojos, aunque fue un verdadero milagro, no le afect\u00f3 la vista de ning\u00fan modo. Es posible atribuirle eso a los cipreses que se hicieron tan altos, al grado de cubrir de forma natural los espacios abiertos, y con seguridad eso ha evitado casos graves de c\u00e1ncer en la piel, aunque eso es una conjetura sin base cient\u00edfica alguna, solo el cari\u00f1o que se llega a tener a los \u00e1rboles, igual que a las mascotas.<\/p>\n\n\n\n<p>Pero esa luz fue real, y en las noches parpadea cuando ya todos se han ido. Es de un color que recuerda las primeras fotos de los telescopios que se lanzaron al espacio, y aunque puede ser que sean un armado hecho en computadora, hoy mismo me permiten tener un punto de comparaci\u00f3n, para intentar, cuando menos, darme a entender.<\/p>\n\n\n\n<p>Todo el universo cabe en esa luz, y con toda seguridad es algo que, una sola vez en la vida, acontece a las personas, sin que haya necesidad de morirse despu\u00e9s, como sucede regularmente. Por eso los datos son tan escasos, y en buena parte, fruto de la invenci\u00f3n. As\u00ed que, puedo acabar igual a los que hablan o escriben de lo que no saben absolutamente nada, ofrezco los detalles m\u00e1s precisos de esa luz que sin duda existe, pero en torno a la cual han surgido tantas versiones, que han acabado por creer que todo este asunto es charlataner\u00eda, mentiras viles con qui\u00e9n sabe qu\u00e9 negras intenciones. Ofrezco mi versi\u00f3n m\u00e1s honesta y apegada a los hechos, sin nada que no haya visto con mis propios ojos, y con la \u00fanica intenci\u00f3n de que, por lo menos, quede constancia de los hechos, que si bien carece de bases cient\u00edficas, s\u00ed tiene fundamento en una observaci\u00f3n meticulosa del acontecimiento.<\/p>\n\n\n\n<p>Primero estuve cierto que se trataba de un rel\u00e1mpago, porque el jard\u00edn entero se ilumin\u00f3, pero no semejante a que el sol se hubiera parado en las nubes. Fue m\u00e1s una luz blanca, que dej\u00f3 ver las venas de los muros, hasta las m\u00e1s diminutas, por donde seguramente transita la sangre que da origen a la realidad, que todo el tiempo se construye.<\/p>\n\n\n\n<p>Despu\u00e9s regres\u00f3 la oscuridad, en la madrugada, casi a las cuatro de la ma\u00f1ana, y tal vez la \u00fanica diferencia de otras ocasiones, es que la temperatura era c\u00e1lida en un fin de a\u00f1o que por estos rumbos es casi a nivel de congelaci\u00f3n.<\/p>\n\n\n\n<p>Poco a poco se fue formando en el aire una especie de arena luminosa, que empez\u00f3 a dibujar caminos hacia la banca que todos los d\u00edas miro desde mi oficina. No sucedi\u00f3 nada extraordinario, solo la arena de luz, y remolino igual de peque\u00f1o, igual de inocente.&nbsp;<\/p>\n\n\n\n<p>Dicen que para cada ser humano que se muestre dispuesto a no confiar tanto en sus sentidos, existe esa visi\u00f3n que no dura nada, pero que otorga la seguridad absoluta sobre lo que vendr\u00e1 despu\u00e9s de muertos. Por lo tanto, se deja de sufrir, porque dejamos de sentirnos como cosas tiradas en el basurero del universo.<\/p>\n\n\n\n<p>La luz se qued\u00f3 encima de la banca de acero con pintura blanca. Algunos dicen que ver el universo entero, debe tener que ver por fuerza con alguna conjunci\u00f3n de elementos tan fant\u00e1sticos, que resulta imposible describirlos, pero no es as\u00ed. Vemos la maravilla que representa tener en la memoria a la madre muerta hace m\u00e1s de 50 a\u00f1os, los hermanos que reci\u00e9n partieron, los padres, el abuelo con nombre de profeta, es decir Ezequiel. Y para fortuna nuestra es posible hablar con ellos, saber que, despu\u00e9s de todo, el siguiente paso, luego de la vida, es siempre una nueva oportunidad.<\/p>\n\n\n\n<p>Desde la muerte de los seres queridos, amados, la vida se hace m\u00e1s tranquila, m\u00e1s distante de las veleidades de lo que consider\u00e1bamos existencia, cuando no lo era.<\/p>\n\n\n\n<p>La luz existe, es plena de tranquilidad, recuerdo imborrable de que, efectivamente, todo se trata de algo m\u00e1s que el tiempo que nos toque andar por estas tierras de La Tierra, y que, sinceramente, vale la pena de manera absoluta.<\/p>\n\n\n\n<p>Mil gracias, hasta ma\u00f1ana.<\/p>\n\n\n\n<p>Mi Correo: <a href=\"mailto:jeperalta@plazajuarez.mx\/historico\/historico\">jeperalta@plazajuarez.mx\/historico\/historico<\/a><\/p>\n\n\n\n<p>Mi Twitter: @JavierEPeralta<\/p>\n","protected":false},"excerpt":{"rendered":"<p>LAGUNA DE VOCES Hab\u00eda una luz en el jard\u00edn. De eso no hay ninguna duda, porque el rostro le qued\u00f3 requemado cerca de los ojos, aunque fue un verdadero milagro, no le afect\u00f3 la vista de ning\u00fan modo. Es posible atribuirle eso a los cipreses que se hicieron tan altos, al grado de cubrir de [&hellip;]<\/p>\n","protected":false},"author":10,"featured_media":234866,"comment_status":"closed","ping_status":"closed","sticky":false,"template":"","format":"standard","meta":{"footnotes":""},"categories":[49,42],"tags":[],"class_list":["post-264058","post","type-post","status-publish","format-standard","has-post-thumbnail","hentry","category-javier-peralta","category-nuestrapalabra"],"_links":{"self":[{"href":"https:\/\/plazajuarez.mx\/historico\/wp-json\/wp\/v2\/posts\/264058","targetHints":{"allow":["GET"]}}],"collection":[{"href":"https:\/\/plazajuarez.mx\/historico\/wp-json\/wp\/v2\/posts"}],"about":[{"href":"https:\/\/plazajuarez.mx\/historico\/wp-json\/wp\/v2\/types\/post"}],"author":[{"embeddable":true,"href":"https:\/\/plazajuarez.mx\/historico\/wp-json\/wp\/v2\/users\/10"}],"replies":[{"embeddable":true,"href":"https:\/\/plazajuarez.mx\/historico\/wp-json\/wp\/v2\/comments?post=264058"}],"version-history":[{"count":0,"href":"https:\/\/plazajuarez.mx\/historico\/wp-json\/wp\/v2\/posts\/264058\/revisions"}],"wp:featuredmedia":[{"embeddable":true,"href":"https:\/\/plazajuarez.mx\/historico\/wp-json\/wp\/v2\/media\/234866"}],"wp:attachment":[{"href":"https:\/\/plazajuarez.mx\/historico\/wp-json\/wp\/v2\/media?parent=264058"}],"wp:term":[{"taxonomy":"category","embeddable":true,"href":"https:\/\/plazajuarez.mx\/historico\/wp-json\/wp\/v2\/categories?post=264058"},{"taxonomy":"post_tag","embeddable":true,"href":"https:\/\/plazajuarez.mx\/historico\/wp-json\/wp\/v2\/tags?post=264058"}],"curies":[{"name":"wp","href":"https:\/\/api.w.org\/{rel}","templated":true}]}}