{"id":264049,"date":"2023-06-08T05:00:00","date_gmt":"2023-06-08T11:00:00","guid":{"rendered":"https:\/\/plazajuarez.mx\/?p=264049"},"modified":"2023-06-07T22:42:24","modified_gmt":"2023-06-08T04:42:24","slug":"dese-por-enterado-1137","status":"publish","type":"post","link":"https:\/\/plazajuarez.mx\/historico\/dese-por-enterado-1137\/","title":{"rendered":"DESE POR ENTERADO"},"content":{"rendered":"\n<p><strong>COMIENZA LA LIMPIA EN LA PROCU.<\/strong> &#8211; Decenas de trabajadores de la Procuradur\u00eda General de Justicia del Estado de Hidalgo, fueron despedidos luego de que se analizaran los perfiles y desempe\u00f1o dentro de la dependencia estatal. No se sabe, con certeza, qu\u00e9 tanto se encontrar\u00eda en el an\u00e1lisis e investigaci\u00f3n, pero no hubo resistencia ni ruido, a pesar de que no fueron unos cuantos. El encargado de la dependencia, pr\u00f3xima a convertirse en Fiscal\u00eda, <strong>Santiago Nieto,<\/strong> al menos en este caso ha caminado con pies de plomo y con las evidencias en la mano. La limpia va a fondo.<\/p>\n\n\n\n<figure class=\"wp-block-image size-full\"><img loading=\"lazy\" decoding=\"async\" width=\"1280\" height=\"853\" src=\"https:\/\/plazajuarez.mx\/historico\/historico\/wp-content\/uploads\/2023\/06\/COMIENZA-LA-LIMPIA-EN-LA-PROCU-Especial-.jpg\" alt=\"\" class=\"wp-image-264052\" srcset=\"https:\/\/plazajuarez.mx\/historico\/wp-content\/uploads\/2023\/06\/COMIENZA-LA-LIMPIA-EN-LA-PROCU-Especial-.jpg 1280w, https:\/\/plazajuarez.mx\/historico\/wp-content\/uploads\/2023\/06\/COMIENZA-LA-LIMPIA-EN-LA-PROCU-Especial--768x512.jpg 768w, https:\/\/plazajuarez.mx\/historico\/wp-content\/uploads\/2023\/06\/COMIENZA-LA-LIMPIA-EN-LA-PROCU-Especial--274x183.jpg 274w, https:\/\/plazajuarez.mx\/historico\/wp-content\/uploads\/2023\/06\/COMIENZA-LA-LIMPIA-EN-LA-PROCU-Especial--80x54.jpg 80w, https:\/\/plazajuarez.mx\/historico\/wp-content\/uploads\/2023\/06\/COMIENZA-LA-LIMPIA-EN-LA-PROCU-Especial--130x87.jpg 130w, https:\/\/plazajuarez.mx\/historico\/wp-content\/uploads\/2023\/06\/COMIENZA-LA-LIMPIA-EN-LA-PROCU-Especial--359x240.jpg 359w, https:\/\/plazajuarez.mx\/historico\/wp-content\/uploads\/2023\/06\/COMIENZA-LA-LIMPIA-EN-LA-PROCU-Especial--85x57.jpg 85w, https:\/\/plazajuarez.mx\/historico\/wp-content\/uploads\/2023\/06\/COMIENZA-LA-LIMPIA-EN-LA-PROCU-Especial--546x365.jpg 546w, https:\/\/plazajuarez.mx\/historico\/wp-content\/uploads\/2023\/06\/COMIENZA-LA-LIMPIA-EN-LA-PROCU-Especial--165x109.jpg 165w, https:\/\/plazajuarez.mx\/historico\/wp-content\/uploads\/2023\/06\/COMIENZA-LA-LIMPIA-EN-LA-PROCU-Especial--112x75.jpg 112w, https:\/\/plazajuarez.mx\/historico\/wp-content\/uploads\/2023\/06\/COMIENZA-LA-LIMPIA-EN-LA-PROCU-Especial--179x120.jpg 179w, https:\/\/plazajuarez.mx\/historico\/wp-content\/uploads\/2023\/06\/COMIENZA-LA-LIMPIA-EN-LA-PROCU-Especial--170x113.jpg 170w, https:\/\/plazajuarez.mx\/historico\/wp-content\/uploads\/2023\/06\/COMIENZA-LA-LIMPIA-EN-LA-PROCU-Especial--81x55.jpg 81w, https:\/\/plazajuarez.mx\/historico\/wp-content\/uploads\/2023\/06\/COMIENZA-LA-LIMPIA-EN-LA-PROCU-Especial--765x510.jpg 765w\" sizes=\"auto, (max-width: 1280px) 100vw, 1280px\" \/><\/figure>\n\n\n\n<hr class=\"wp-block-separator has-alpha-channel-opacity\"\/>\n\n\n\n<p><strong>SE LES CEB\u00d3 LA CEBADA<\/strong>. &#8211; El que ha comenzado a dar de qu\u00e9 hablar, es el titular de la Secretar\u00eda de Agricultura y Desarrollo Rural de Hidalgo, <strong>Napole\u00f3n Gonz\u00e1lez P\u00e9rez<\/strong>; lo malo es que ha sido en tema de impuntualidad, falta de apoyos y falta de buen trato a los campesinos y trabajadores de la misma dependencia. Ayer, en un evento en T\u00e9llez, cit\u00f3 a los campesinos para la entrega de insumos a las 12 horas, lleg\u00f3 casi cuatro horas despu\u00e9s, y alrededor de las 19 horas ya no hab\u00eda cebada para repartir, por lo que la espera se extendi\u00f3 a altas horas de la noche, bajo la promesa de que todos tendr\u00edan el apoyo de la misma. <strong>Don Napole\u00f3n debiera saber que el gobernador, Julio Menchaca Salazar, detesta la impuntualidad por un principio b\u00e1sico de respeto al tiempo de los dem\u00e1s. As\u00ed que est\u00e1 avisado, para que luego diga que no le dijeron.<\/strong><\/p>\n\n\n\n<figure class=\"wp-block-image size-full\"><img loading=\"lazy\" decoding=\"async\" width=\"901\" height=\"600\" src=\"https:\/\/plazajuarez.mx\/historico\/historico\/wp-content\/uploads\/2023\/06\/SE-LES-CEBO-LA-CEBADA-FACEBOOK-NAPOLEON-GONZALEZ-PEREZ.jpg\" alt=\"\" class=\"wp-image-264053\" srcset=\"https:\/\/plazajuarez.mx\/historico\/wp-content\/uploads\/2023\/06\/SE-LES-CEBO-LA-CEBADA-FACEBOOK-NAPOLEON-GONZALEZ-PEREZ.jpg 901w, https:\/\/plazajuarez.mx\/historico\/wp-content\/uploads\/2023\/06\/SE-LES-CEBO-LA-CEBADA-FACEBOOK-NAPOLEON-GONZALEZ-PEREZ-768x511.jpg 768w, https:\/\/plazajuarez.mx\/historico\/wp-content\/uploads\/2023\/06\/SE-LES-CEBO-LA-CEBADA-FACEBOOK-NAPOLEON-GONZALEZ-PEREZ-274x183.jpg 274w, https:\/\/plazajuarez.mx\/historico\/wp-content\/uploads\/2023\/06\/SE-LES-CEBO-LA-CEBADA-FACEBOOK-NAPOLEON-GONZALEZ-PEREZ-80x54.jpg 80w, https:\/\/plazajuarez.mx\/historico\/wp-content\/uploads\/2023\/06\/SE-LES-CEBO-LA-CEBADA-FACEBOOK-NAPOLEON-GONZALEZ-PEREZ-130x87.jpg 130w, https:\/\/plazajuarez.mx\/historico\/wp-content\/uploads\/2023\/06\/SE-LES-CEBO-LA-CEBADA-FACEBOOK-NAPOLEON-GONZALEZ-PEREZ-359x240.jpg 359w, https:\/\/plazajuarez.mx\/historico\/wp-content\/uploads\/2023\/06\/SE-LES-CEBO-LA-CEBADA-FACEBOOK-NAPOLEON-GONZALEZ-PEREZ-85x57.jpg 85w, https:\/\/plazajuarez.mx\/historico\/wp-content\/uploads\/2023\/06\/SE-LES-CEBO-LA-CEBADA-FACEBOOK-NAPOLEON-GONZALEZ-PEREZ-546x365.jpg 546w, https:\/\/plazajuarez.mx\/historico\/wp-content\/uploads\/2023\/06\/SE-LES-CEBO-LA-CEBADA-FACEBOOK-NAPOLEON-GONZALEZ-PEREZ-165x109.jpg 165w, https:\/\/plazajuarez.mx\/historico\/wp-content\/uploads\/2023\/06\/SE-LES-CEBO-LA-CEBADA-FACEBOOK-NAPOLEON-GONZALEZ-PEREZ-112x75.jpg 112w, https:\/\/plazajuarez.mx\/historico\/wp-content\/uploads\/2023\/06\/SE-LES-CEBO-LA-CEBADA-FACEBOOK-NAPOLEON-GONZALEZ-PEREZ-179x120.jpg 179w, https:\/\/plazajuarez.mx\/historico\/wp-content\/uploads\/2023\/06\/SE-LES-CEBO-LA-CEBADA-FACEBOOK-NAPOLEON-GONZALEZ-PEREZ-170x113.jpg 170w, https:\/\/plazajuarez.mx\/historico\/wp-content\/uploads\/2023\/06\/SE-LES-CEBO-LA-CEBADA-FACEBOOK-NAPOLEON-GONZALEZ-PEREZ-81x55.jpg 81w, https:\/\/plazajuarez.mx\/historico\/wp-content\/uploads\/2023\/06\/SE-LES-CEBO-LA-CEBADA-FACEBOOK-NAPOLEON-GONZALEZ-PEREZ-765x510.jpg 765w\" sizes=\"auto, (max-width: 901px) 100vw, 901px\" \/><\/figure>\n\n\n\n<hr class=\"wp-block-separator has-alpha-channel-opacity\"\/>\n\n\n\n<p><strong>NOS UNIMOS AL RECONOCIMIENTO A MIREYITA<\/strong>. \u2013 Todos los que la conocen saben de su profesionalismo, de su buen trato con los informadores. <strong>Mireya Borrego<\/strong>, egresada de la UNAM en Comunicaci\u00f3n y Periodismo, fue invitada por la secretaria de Turismo, <strong>Elizabeth Quintanar,<\/strong> para integrarse a su equipo. Un acierto, porque la experiencia de Mireya en labores de Comunicaci\u00f3n Social, su conocimiento real de los medios informativos hidalguenses, y cada uno de los que los integran, aportar\u00e1, y mucho, al trabajo de la Secretar\u00eda, y sin duda es el reconocimiento a una profesional que ha dedicado toda su vida a esas tareas.<\/p>\n\n\n\n<figure class=\"wp-block-image size-full\"><img loading=\"lazy\" decoding=\"async\" width=\"960\" height=\"959\" src=\"https:\/\/plazajuarez.mx\/historico\/historico\/wp-content\/uploads\/2023\/06\/NOS-UNIMOS-AL-RECONOCIMIENTO-A-MIREYITA-facebook-Liz-Quintanar.jpg\" alt=\"\" class=\"wp-image-264054\" srcset=\"https:\/\/plazajuarez.mx\/historico\/wp-content\/uploads\/2023\/06\/NOS-UNIMOS-AL-RECONOCIMIENTO-A-MIREYITA-facebook-Liz-Quintanar.jpg 960w, https:\/\/plazajuarez.mx\/historico\/wp-content\/uploads\/2023\/06\/NOS-UNIMOS-AL-RECONOCIMIENTO-A-MIREYITA-facebook-Liz-Quintanar-768x767.jpg 768w, https:\/\/plazajuarez.mx\/historico\/wp-content\/uploads\/2023\/06\/NOS-UNIMOS-AL-RECONOCIMIENTO-A-MIREYITA-facebook-Liz-Quintanar-36x36.jpg 36w\" sizes=\"auto, (max-width: 960px) 100vw, 960px\" \/><\/figure>\n\n\n\n<hr class=\"wp-block-separator has-alpha-channel-opacity\"\/>\n\n\n\n<p><strong>D\u00cdA DE LA LIBERTAD DE EXPRESI\u00d3N, UN GREMIO CADA VEZ M\u00c1S DIVIDIDO<\/strong>. \u2013 La celebraci\u00f3n del D\u00eda de la Libertad de Expresi\u00f3n en dos lugares diferentes de Pachuca, a cargo de dos organizaciones tambi\u00e9n diferentes, hace evidente lo que todos saben en el estado de Hidalgo: que persiste una tendencia a la divisi\u00f3n, pero tambi\u00e9n a la certeza de que una agrupaci\u00f3n debe estar por encima de la otra, que una es la buena, la valedera y justiciera; y la otra no, la otra es la charra y sin principios. Por lo mientras unos estuvieron en la Plaza de la Libertad de Expresi\u00f3n, y otros en el Mural de la Libertad de Expresi\u00f3n. Separados por muchas calles, para dejar en claro que se dedican a lo mismo, pero no son los mismos. No. As\u00ed no.<\/p>\n\n\n\n<figure class=\"wp-block-image size-full\"><img loading=\"lazy\" decoding=\"async\" width=\"2250\" height=\"1500\" src=\"https:\/\/plazajuarez.mx\/historico\/historico\/wp-content\/uploads\/2023\/06\/DIA-DE-LA-LIBERTAD-DE-EXPRESION-UN-GREMIO-CADA-VEZ-MAS-DIVIDIDO-Ilustrativa.jpeg\" alt=\"\" class=\"wp-image-264055\" srcset=\"https:\/\/plazajuarez.mx\/historico\/wp-content\/uploads\/2023\/06\/DIA-DE-LA-LIBERTAD-DE-EXPRESION-UN-GREMIO-CADA-VEZ-MAS-DIVIDIDO-Ilustrativa.jpeg 2250w, https:\/\/plazajuarez.mx\/historico\/wp-content\/uploads\/2023\/06\/DIA-DE-LA-LIBERTAD-DE-EXPRESION-UN-GREMIO-CADA-VEZ-MAS-DIVIDIDO-Ilustrativa-768x512.jpeg 768w, https:\/\/plazajuarez.mx\/historico\/wp-content\/uploads\/2023\/06\/DIA-DE-LA-LIBERTAD-DE-EXPRESION-UN-GREMIO-CADA-VEZ-MAS-DIVIDIDO-Ilustrativa-1536x1024.jpeg 1536w, https:\/\/plazajuarez.mx\/historico\/wp-content\/uploads\/2023\/06\/DIA-DE-LA-LIBERTAD-DE-EXPRESION-UN-GREMIO-CADA-VEZ-MAS-DIVIDIDO-Ilustrativa-2048x1365.jpeg 2048w, https:\/\/plazajuarez.mx\/historico\/wp-content\/uploads\/2023\/06\/DIA-DE-LA-LIBERTAD-DE-EXPRESION-UN-GREMIO-CADA-VEZ-MAS-DIVIDIDO-Ilustrativa-274x183.jpeg 274w, https:\/\/plazajuarez.mx\/historico\/wp-content\/uploads\/2023\/06\/DIA-DE-LA-LIBERTAD-DE-EXPRESION-UN-GREMIO-CADA-VEZ-MAS-DIVIDIDO-Ilustrativa-80x54.jpeg 80w, https:\/\/plazajuarez.mx\/historico\/wp-content\/uploads\/2023\/06\/DIA-DE-LA-LIBERTAD-DE-EXPRESION-UN-GREMIO-CADA-VEZ-MAS-DIVIDIDO-Ilustrativa-130x87.jpeg 130w, https:\/\/plazajuarez.mx\/historico\/wp-content\/uploads\/2023\/06\/DIA-DE-LA-LIBERTAD-DE-EXPRESION-UN-GREMIO-CADA-VEZ-MAS-DIVIDIDO-Ilustrativa-359x240.jpeg 359w, https:\/\/plazajuarez.mx\/historico\/wp-content\/uploads\/2023\/06\/DIA-DE-LA-LIBERTAD-DE-EXPRESION-UN-GREMIO-CADA-VEZ-MAS-DIVIDIDO-Ilustrativa-85x57.jpeg 85w, https:\/\/plazajuarez.mx\/historico\/wp-content\/uploads\/2023\/06\/DIA-DE-LA-LIBERTAD-DE-EXPRESION-UN-GREMIO-CADA-VEZ-MAS-DIVIDIDO-Ilustrativa-546x365.jpeg 546w, https:\/\/plazajuarez.mx\/historico\/wp-content\/uploads\/2023\/06\/DIA-DE-LA-LIBERTAD-DE-EXPRESION-UN-GREMIO-CADA-VEZ-MAS-DIVIDIDO-Ilustrativa-165x109.jpeg 165w, https:\/\/plazajuarez.mx\/historico\/wp-content\/uploads\/2023\/06\/DIA-DE-LA-LIBERTAD-DE-EXPRESION-UN-GREMIO-CADA-VEZ-MAS-DIVIDIDO-Ilustrativa-112x75.jpeg 112w, https:\/\/plazajuarez.mx\/historico\/wp-content\/uploads\/2023\/06\/DIA-DE-LA-LIBERTAD-DE-EXPRESION-UN-GREMIO-CADA-VEZ-MAS-DIVIDIDO-Ilustrativa-179x120.jpeg 179w, https:\/\/plazajuarez.mx\/historico\/wp-content\/uploads\/2023\/06\/DIA-DE-LA-LIBERTAD-DE-EXPRESION-UN-GREMIO-CADA-VEZ-MAS-DIVIDIDO-Ilustrativa-170x113.jpeg 170w, https:\/\/plazajuarez.mx\/historico\/wp-content\/uploads\/2023\/06\/DIA-DE-LA-LIBERTAD-DE-EXPRESION-UN-GREMIO-CADA-VEZ-MAS-DIVIDIDO-Ilustrativa-81x55.jpeg 81w, https:\/\/plazajuarez.mx\/historico\/wp-content\/uploads\/2023\/06\/DIA-DE-LA-LIBERTAD-DE-EXPRESION-UN-GREMIO-CADA-VEZ-MAS-DIVIDIDO-Ilustrativa-765x510.jpeg 765w\" sizes=\"auto, (max-width: 2250px) 100vw, 2250px\" \/><\/figure>\n\n\n\n<hr class=\"wp-block-separator has-alpha-channel-opacity\"\/>\n\n\n\n<p><strong>Aviso para que no digan: Esta columna se nutre de comentarios recabados por agencias del Recontra-Espionaje, muy similares a las que populariz\u00f3 el \u201cS\u00faper Agente 86\u201d en sus tiempos. Como tal lo que publicamos puede que sea cierto, puede que no, o todo lo contrario. Est\u00e1 usted en libertad de creer o no lo que lee, recontra-enojarse, recontra- carcajearse y hasta recontra-recordarnos a nuestra jefecita (nosotros recontra-haremos lo propio). Avisado est\u00e1 usted.&nbsp;<\/strong><\/p>\n\n\n\n<p><strong>desexenterado@gmail.com @desexenterado&nbsp;<\/strong><\/p>\n","protected":false},"excerpt":{"rendered":"<p>COMIENZA LA LIMPIA EN LA PROCU. &#8211; Decenas de trabajadores de la Procuradur\u00eda General de Justicia del Estado de Hidalgo, fueron despedidos luego de que se analizaran los perfiles y desempe\u00f1o dentro de la dependencia estatal. No se sabe, con certeza, qu\u00e9 tanto se encontrar\u00eda en el an\u00e1lisis e investigaci\u00f3n, pero no hubo resistencia ni [&hellip;]<\/p>\n","protected":false},"author":93,"featured_media":234681,"comment_status":"closed","ping_status":"closed","sticky":false,"template":"","format":"standard","meta":{"footnotes":""},"categories":[83],"tags":[],"class_list":["post-264049","post","type-post","status-publish","format-standard","has-post-thumbnail","hentry","category-dese-por-enterado"],"_links":{"self":[{"href":"https:\/\/plazajuarez.mx\/historico\/wp-json\/wp\/v2\/posts\/264049","targetHints":{"allow":["GET"]}}],"collection":[{"href":"https:\/\/plazajuarez.mx\/historico\/wp-json\/wp\/v2\/posts"}],"about":[{"href":"https:\/\/plazajuarez.mx\/historico\/wp-json\/wp\/v2\/types\/post"}],"author":[{"embeddable":true,"href":"https:\/\/plazajuarez.mx\/historico\/wp-json\/wp\/v2\/users\/93"}],"replies":[{"embeddable":true,"href":"https:\/\/plazajuarez.mx\/historico\/wp-json\/wp\/v2\/comments?post=264049"}],"version-history":[{"count":0,"href":"https:\/\/plazajuarez.mx\/historico\/wp-json\/wp\/v2\/posts\/264049\/revisions"}],"wp:featuredmedia":[{"embeddable":true,"href":"https:\/\/plazajuarez.mx\/historico\/wp-json\/wp\/v2\/media\/234681"}],"wp:attachment":[{"href":"https:\/\/plazajuarez.mx\/historico\/wp-json\/wp\/v2\/media?parent=264049"}],"wp:term":[{"taxonomy":"category","embeddable":true,"href":"https:\/\/plazajuarez.mx\/historico\/wp-json\/wp\/v2\/categories?post=264049"},{"taxonomy":"post_tag","embeddable":true,"href":"https:\/\/plazajuarez.mx\/historico\/wp-json\/wp\/v2\/tags?post=264049"}],"curies":[{"name":"wp","href":"https:\/\/api.w.org\/{rel}","templated":true}]}}