{"id":264004,"date":"2023-06-08T10:38:35","date_gmt":"2023-06-08T16:38:35","guid":{"rendered":"https:\/\/plazajuarez.mx\/?p=264004"},"modified":"2023-06-08T10:38:38","modified_gmt":"2023-06-08T16:38:38","slug":"presentan-iniciativa-que-establece-delitos-cometidos-contra-la-libertad-de-expresion","status":"publish","type":"post","link":"https:\/\/plazajuarez.mx\/historico\/presentan-iniciativa-que-establece-delitos-cometidos-contra-la-libertad-de-expresion\/","title":{"rendered":"Presentan iniciativa que establece delitos\u00a0cometidos contra la libertad de expresi\u00f3n"},"content":{"rendered":"\n<p>Santiago Nieto Castillo, jefe del despacho de la Procuradur\u00eda General de Justicia del Estado de Hidalgo (PGJEH), y el diputado local Octavio Maga\u00f1a Soto, presentaron hoy en el Congreso del Estado la iniciativa para incluir en el C\u00f3digo Penal para la entidad los delitos cometidos contra la libertad de expresi\u00f3n.<\/p>\n\n\n\n<p>En apego a la pol\u00edtica de la actual administraci\u00f3n de garantizar el cumplimiento de los derechos humanos, esta propuesta legislativa tiene entre sus objetivos establecer las medidas de prevenci\u00f3n y protecci\u00f3n que garanticen la vida, integridad, libertad y seguridad de las personas que se encuentren en situaci\u00f3n de riesgo como consecuencia de la defensa o promoci\u00f3n de estos derechos, el ejercicio de la libertad de expresi\u00f3n y el periodismo, actividades necesarias para la consecuci\u00f3n de un Estado democr\u00e1tico.<\/p>\n\n\n\n<p>El documento contempla que se impongan de dos a seis a\u00f1os de prisi\u00f3n a quien incurra en delitos contra la libertad de expresi\u00f3n; adem\u00e1s, establece que si se ejerce violencia, aumentar\u00e1 en una tercera parte la punibilidad que corresponda.<\/p>\n\n\n\n<p>El encargado de despacho, Santiago Nieto Castillo, destac\u00f3 que la propuesta presentada en el marco de la conmemoraci\u00f3n del D\u00eda de la Libertad de Expresi\u00f3n en M\u00e9xico, considera este derecho como uno de los motores b\u00e1sicos de la sociedad mexicana pues, de no existir, tampoco habr\u00eda pluralidad ni en las ideas ni en el \u00e1mbito pol\u00edtico, misma que hace posible la conformaci\u00f3n de los partidos, sin los cuales no habr\u00eda alternancia.<\/p>\n\n\n\n<p>Asimismo, expres\u00f3 que para impulsar esta iniciativa y erradicar las conductas violentas contra periodistas, es necesaria la voluntad pol\u00edtica y mejorar los dise\u00f1os institucionales.<\/p>\n\n\n\n<p>Por su parte, el diputado Octavio Maga\u00f1a Soto, presidente de la Comisi\u00f3n de Seguridad Ciudadana y de Justicia en el Congreso del Estado de Hidalgo, destac\u00f3 la relevancia de este documento y reiter\u00f3 que legislar en materia de protecci\u00f3n a periodistas es una de las prioridades legislativas.<\/p>\n\n\n\n<p>Maga\u00f1a Soto reconoci\u00f3 los resultados de las mesas de trabajo que se han llevado a cabo entre la actual legislatura y la PGJEH para la construcci\u00f3n de esta iniciativa pues, gracias a los resultados, se tom\u00f3 la decisi\u00f3n de presentar hoy la propuesta. Al finalizar el evento, coment\u00f3 que, en un lapso de ocho a quince d\u00edas, la propuesta se someter\u00e1 a votaci\u00f3n en el pleno para su aprobaci\u00f3n.<\/p>\n\n\n\n<p>A este acto acudieron Linda Dalia Zamudio Garc\u00eda, encargada de la Fiscal\u00eda de Delitos Contra Personas Defensoras de Derechos Humanos y Periodistas; Lisset Macelino Tovar y Fortunato Gonz\u00e1lez Islas, legisladores locales; as\u00ed como Eduardo Iturbe M\u00e9ndez, coordinador de Comunicaci\u00f3n Gubernamental.<\/p>\n","protected":false},"excerpt":{"rendered":"<p>Santiago Nieto Castillo, jefe del despacho de la Procuradur\u00eda General de Justicia del Estado de Hidalgo (PGJEH), y el diputado local Octavio Maga\u00f1a Soto, presentaron hoy en el Congreso del Estado la iniciativa para incluir en el C\u00f3digo Penal para la entidad los delitos cometidos contra la libertad de expresi\u00f3n. En apego a la pol\u00edtica [&hellip;]<\/p>\n","protected":false},"author":93,"featured_media":264091,"comment_status":"closed","ping_status":"closed","sticky":false,"template":"","format":"standard","meta":{"footnotes":""},"categories":[37],"tags":[],"class_list":["post-264004","post","type-post","status-publish","format-standard","has-post-thumbnail","hentry","category-barandilla"],"_links":{"self":[{"href":"https:\/\/plazajuarez.mx\/historico\/wp-json\/wp\/v2\/posts\/264004","targetHints":{"allow":["GET"]}}],"collection":[{"href":"https:\/\/plazajuarez.mx\/historico\/wp-json\/wp\/v2\/posts"}],"about":[{"href":"https:\/\/plazajuarez.mx\/historico\/wp-json\/wp\/v2\/types\/post"}],"author":[{"embeddable":true,"href":"https:\/\/plazajuarez.mx\/historico\/wp-json\/wp\/v2\/users\/93"}],"replies":[{"embeddable":true,"href":"https:\/\/plazajuarez.mx\/historico\/wp-json\/wp\/v2\/comments?post=264004"}],"version-history":[{"count":0,"href":"https:\/\/plazajuarez.mx\/historico\/wp-json\/wp\/v2\/posts\/264004\/revisions"}],"wp:featuredmedia":[{"embeddable":true,"href":"https:\/\/plazajuarez.mx\/historico\/wp-json\/wp\/v2\/media\/264091"}],"wp:attachment":[{"href":"https:\/\/plazajuarez.mx\/historico\/wp-json\/wp\/v2\/media?parent=264004"}],"wp:term":[{"taxonomy":"category","embeddable":true,"href":"https:\/\/plazajuarez.mx\/historico\/wp-json\/wp\/v2\/categories?post=264004"},{"taxonomy":"post_tag","embeddable":true,"href":"https:\/\/plazajuarez.mx\/historico\/wp-json\/wp\/v2\/tags?post=264004"}],"curies":[{"name":"wp","href":"https:\/\/api.w.org\/{rel}","templated":true}]}}