{"id":263703,"date":"2023-06-05T05:00:00","date_gmt":"2023-06-05T11:00:00","guid":{"rendered":"https:\/\/plazajuarez.mx\/?p=263703"},"modified":"2023-06-04T20:51:39","modified_gmt":"2023-06-05T02:51:39","slug":"hoy-se-reuniran-artesanos-con-gobierno","status":"publish","type":"post","link":"https:\/\/plazajuarez.mx\/historico\/hoy-se-reuniran-artesanos-con-gobierno\/","title":{"rendered":"Hoy, se reunir\u00e1n artesanos con gobierno"},"content":{"rendered":"\n<p><strong>IXMIQUILPAN<\/strong>.- Este lunes se llevar\u00e1 a cabo una mesa de trabajo en Ixmiquilpan con artesanos de la regi\u00f3n, quienes exigen que una empresaria se desista del registro de al menos tres iconograf\u00edas m\u00e1s de la cultura ind\u00edgena H\u00f1ah\u00f1u.\u00a0<\/p>\n\n\n\n<p>El encuentro est\u00e1 programado a las 11 de la ma\u00f1ana en la casa de la cultura, donde asisten funcionarios estatales de primer nivel, cuyo di\u00e1logo ser\u00e1 para escuchar la postura de las artesanas y artesanos que denunciaron la apropiaci\u00f3n cultural de sus iconograf\u00edas.&nbsp;<\/p>\n\n\n\n<p>Artesanos han adelantado, que no permitir\u00e1n la presencia de la empresaria se\u00f1alada de apropiaci\u00f3n y esperan que con este encuentro, se alcancen acuerdos que beneficien a esta cultura, cuyas iconograf\u00edas deben estar a salvo.&nbsp;<\/p>\n\n\n\n<p>La reuni\u00f3n se lleva a cabo en el marco de la protesta que han realizado a los acuerdos hechos por el Comisionado de Pueblos Ind\u00edgenas, Prisco Manuel Guti\u00e9rrez, quien sostuvo un encuentro con otro grupo en d\u00edas pasados.&nbsp;<\/p>\n\n\n\n<p>Cabe se\u00f1alar que la inconformidad se dio inicialmente por la creaci\u00f3n de una mu\u00f1eca con diversos motivos ind\u00edgenas en sus vestimentas, la cual fue rechazada por la comunidad cultural. Posteriormente se inform\u00f3 que se hicieron registros de iconograf\u00edas, lo que deriv\u00f3 en un conflicto.&nbsp;<\/p>\n","protected":false},"excerpt":{"rendered":"<p>IXMIQUILPAN.- Este lunes se llevar\u00e1 a cabo una mesa de trabajo en Ixmiquilpan con artesanos de la regi\u00f3n, quienes exigen que una empresaria se desista del registro de al menos tres iconograf\u00edas m\u00e1s de la cultura ind\u00edgena H\u00f1ah\u00f1u.\u00a0 El encuentro est\u00e1 programado a las 11 de la ma\u00f1ana en la casa de la cultura, donde [&hellip;]<\/p>\n","protected":false},"author":75,"featured_media":263709,"comment_status":"closed","ping_status":"closed","sticky":false,"template":"","format":"standard","meta":{"footnotes":""},"categories":[2159,40],"tags":[],"class_list":["post-263703","post","type-post","status-publish","format-standard","has-post-thumbnail","hentry","category-noticias-de-hidalgo","category-region"],"_links":{"self":[{"href":"https:\/\/plazajuarez.mx\/historico\/wp-json\/wp\/v2\/posts\/263703","targetHints":{"allow":["GET"]}}],"collection":[{"href":"https:\/\/plazajuarez.mx\/historico\/wp-json\/wp\/v2\/posts"}],"about":[{"href":"https:\/\/plazajuarez.mx\/historico\/wp-json\/wp\/v2\/types\/post"}],"author":[{"embeddable":true,"href":"https:\/\/plazajuarez.mx\/historico\/wp-json\/wp\/v2\/users\/75"}],"replies":[{"embeddable":true,"href":"https:\/\/plazajuarez.mx\/historico\/wp-json\/wp\/v2\/comments?post=263703"}],"version-history":[{"count":0,"href":"https:\/\/plazajuarez.mx\/historico\/wp-json\/wp\/v2\/posts\/263703\/revisions"}],"wp:featuredmedia":[{"embeddable":true,"href":"https:\/\/plazajuarez.mx\/historico\/wp-json\/wp\/v2\/media\/263709"}],"wp:attachment":[{"href":"https:\/\/plazajuarez.mx\/historico\/wp-json\/wp\/v2\/media?parent=263703"}],"wp:term":[{"taxonomy":"category","embeddable":true,"href":"https:\/\/plazajuarez.mx\/historico\/wp-json\/wp\/v2\/categories?post=263703"},{"taxonomy":"post_tag","embeddable":true,"href":"https:\/\/plazajuarez.mx\/historico\/wp-json\/wp\/v2\/tags?post=263703"}],"curies":[{"name":"wp","href":"https:\/\/api.w.org\/{rel}","templated":true}]}}