{"id":263679,"date":"2023-06-05T05:00:00","date_gmt":"2023-06-05T11:00:00","guid":{"rendered":"https:\/\/plazajuarez.mx\/?p=263679"},"modified":"2023-06-04T20:20:41","modified_gmt":"2023-06-05T02:20:41","slug":"dese-por-enterado-1134","status":"publish","type":"post","link":"https:\/\/plazajuarez.mx\/historico\/dese-por-enterado-1134\/","title":{"rendered":"DESE POR ENTERADO"},"content":{"rendered":"\n<p><strong>SABIA VIRTUD, DE CONOCER EL TIEMPO<\/strong>. &#8211; Fue un poema de Renato Leduc, con m\u00fasica de Rub\u00e9n Fuentes. Se llama \u201cTiempo\u201d. \u201cComo dice el refr\u00e1n: dar tiempo al tiempo\u201d, dice en una parte fundamental el texto. Y en pol\u00edtica se aplica a plenitud: quien desconoce lo que ocasiona el tiempo, est\u00e1 condenado a cometer los mismos errores. Viene al caso porque el discurso de la corrupci\u00f3n del pasado, deja de tener efecto y raz\u00f3n de ser, cuando no se traduce en realidades. Es decir, que se mire tras las rejas a los que tanto y tanto se acusa, y el dinero que se hayan robado sea devuelto, y se aplique en programas sociales en beneficio de la ciudadan\u00eda, porque a esta alturas, si un funcionario de la nueva administraci\u00f3n, todav\u00eda quiere soportar su trabajo, o su no trabajo, en acusaciones al por mayor contra: \u201cterribles y temibles corruptos\u201d, de plano da mucho en qu\u00e9 pensar. An\u00f3telo: quien m\u00e1s insista en esta historia o historieta sin un solo resultado real, es que menos ha cumplido con el encargo de la dependencia a su cargo.<\/p>\n\n\n<div class=\"wp-block-image\">\n<figure class=\"aligncenter size-full\"><img loading=\"lazy\" decoding=\"async\" width=\"1024\" height=\"768\" src=\"https:\/\/plazajuarez.mx\/historico\/historico\/wp-content\/uploads\/2023\/06\/SABIA-VIRTUD-DE-CONOCER-EL-TIEMPO-Miguel-Lopez-.jpeg\" alt=\"\" class=\"wp-image-263681\" srcset=\"https:\/\/plazajuarez.mx\/historico\/wp-content\/uploads\/2023\/06\/SABIA-VIRTUD-DE-CONOCER-EL-TIEMPO-Miguel-Lopez-.jpeg 1024w, https:\/\/plazajuarez.mx\/historico\/wp-content\/uploads\/2023\/06\/SABIA-VIRTUD-DE-CONOCER-EL-TIEMPO-Miguel-Lopez--768x576.jpeg 768w\" sizes=\"auto, (max-width: 1024px) 100vw, 1024px\" \/><\/figure>\n<\/div>\n\n\n<hr class=\"wp-block-separator has-alpha-channel-opacity\"\/>\n\n\n\n<p><strong>OTROS QUE QUIEREN SER COMO LOS VAMPITUZOS. <\/strong>&#8211; Ahora resulta que los tablajeros del estado de Hidalgo, piden as\u00ed como con aires de perdonavidas, les sea entregado el Rastro Municipal, construido con recursos p\u00fablicos, para que ellos se hagan cargo de su funcionamiento, porque, dicen, actualmente no se utiliza ni al 40 por ciento de su capacidad instalada. La propuesta, de entrada, hasta suena interesante, pero con un poco de cacumen en la cabeza, se observa que estos se\u00f1ores quieren convertirse en los nuevos Mart\u00ednez y Fassis de la entidad, a los que todo les fue entregado \u201cporque ustedes s\u00ed saben hacerlo\u201d, y vemos que aprovechan en <strong>SU BENEFICIO<\/strong>, lo que iba a ser el Museo de Arte Moreno de Hidalgo, el estadio que ellos dicen se llama \u201cHurac\u00e1n\u201d, en fin. Por eso parece prudente alertar sobre este tipo de acciones, que son absurdas. Si los tablajeros quieren su rastro, pues que se lo construyan con <strong>SU DINERO<\/strong>. Chulos negocios estos, donde se les construyen instalaciones y luego se las entregan regaladas (le llaman \u201ccomodato\u201d), a verdaderos sinverg\u00fcenzas. <strong>YA BASTA.<\/strong><\/p>\n\n\n<div class=\"wp-block-image\">\n<figure class=\"aligncenter size-full\"><img loading=\"lazy\" decoding=\"async\" width=\"427\" height=\"427\" src=\"https:\/\/plazajuarez.mx\/historico\/historico\/wp-content\/uploads\/2023\/06\/OTROS-QUE-QUIEREN-SER-COMO-LOS-VAMPITUZOS-Facebook-Federacion-de-Tablajeros-del-Estado-de-Hidalgo.jpg\" alt=\"\" class=\"wp-image-263683\" srcset=\"https:\/\/plazajuarez.mx\/historico\/wp-content\/uploads\/2023\/06\/OTROS-QUE-QUIEREN-SER-COMO-LOS-VAMPITUZOS-Facebook-Federacion-de-Tablajeros-del-Estado-de-Hidalgo.jpg 427w, https:\/\/plazajuarez.mx\/historico\/wp-content\/uploads\/2023\/06\/OTROS-QUE-QUIEREN-SER-COMO-LOS-VAMPITUZOS-Facebook-Federacion-de-Tablajeros-del-Estado-de-Hidalgo-36x36.jpg 36w\" sizes=\"auto, (max-width: 427px) 100vw, 427px\" \/><\/figure>\n<\/div>\n\n\n<hr class=\"wp-block-separator has-alpha-channel-opacity\"\/>\n\n\n\n<p><strong>YA QUE HABLAMOS DEL GRUPO PACHUCA<\/strong>. &#8211; Ser\u00eda mucha molestia si alguien informara lo siguiente: 1. \u00bfCu\u00e1ndo concluye el \u201ccomodato\u201d, por medio del cual el Club Pachuca, maneja como si fuera suyo, el Estadio Hidalgo? \u00bfCu\u00e1nto pagan al a\u00f1o por ese \u201ccomodato\u201d? 2. Al terminar el \u201ccomodato\u201d, el restaurante-bar que construyeron en terrenos del Estadio, \u00bfpasar\u00e1 a ser propiedad del gobierno estatal? 3. Lo mismo: \u00bfcu\u00e1ndo concluye el comodato de lo que iba a ser el Museo de Arte Moderno de Hidalgo, cu\u00e1nto pagan al a\u00f1o por el mismo, y tambi\u00e9n, cu\u00e1nto pagaron por usar un terreno que no ERA SUYO para edificar la \u201cpelotota\u201d? Una vez que el \u201ccomodato\u201d termine, \u00bflas instalaciones pasan a ser propiedad del gobierno estatal? Y hay muchas, pero muchas m\u00e1s preguntas que deben ser respondidas por el Grupo Pachuca. Les mantendremos informados.<\/p>\n\n\n<div class=\"wp-block-image\">\n<figure class=\"aligncenter size-full\"><img loading=\"lazy\" decoding=\"async\" width=\"720\" height=\"540\" src=\"https:\/\/plazajuarez.mx\/historico\/historico\/wp-content\/uploads\/2023\/06\/YA-QUE-HABLAMOS-DEL-GRUPO-PACHUCA.-Archivo.jpg\" alt=\"\" class=\"wp-image-263682\"\/><\/figure>\n<\/div>\n\n\n<hr class=\"wp-block-separator has-alpha-channel-opacity\"\/>\n\n\n\n<p><strong>CASI LISTOS CANDIDATOS POR PACHUCA<\/strong>. &#8211; Todos parece indicar que en la disputa por la candidatura de Morena para la capital hidalguense, solo quedan el senador Nabor Rojas, y el diputado federal, Cuauht\u00e9moc Ochoa, quien insiste en argumentar, se dice, que tiene el apoyo directo del presidente de la Rep\u00fablica, y que despu\u00e9s ir\u00e1 por la gubernatura de Hidalgo. Suena a presunci\u00f3n, pero en estos tiempos ya nadie sabe nada de nada. En tanto por el PRI-PAN-PRD, solo queda Benjam\u00edn Rico Moreno, quien traz\u00f3 una estrategia clara, que hoy lo mantiene en las preferencias. Ya falta poco.<\/p>\n\n\n\n<figure class=\"wp-block-image size-full\"><img loading=\"lazy\" decoding=\"async\" width=\"2048\" height=\"1365\" src=\"https:\/\/plazajuarez.mx\/historico\/historico\/wp-content\/uploads\/2023\/06\/CASI-LISTOS-CANDIDATOS-POR-PACHUCA-Facebook-Benjamin-Rico-.jpg\" alt=\"\" class=\"wp-image-263684\" srcset=\"https:\/\/plazajuarez.mx\/historico\/wp-content\/uploads\/2023\/06\/CASI-LISTOS-CANDIDATOS-POR-PACHUCA-Facebook-Benjamin-Rico-.jpg 2048w, https:\/\/plazajuarez.mx\/historico\/wp-content\/uploads\/2023\/06\/CASI-LISTOS-CANDIDATOS-POR-PACHUCA-Facebook-Benjamin-Rico--768x512.jpg 768w, https:\/\/plazajuarez.mx\/historico\/wp-content\/uploads\/2023\/06\/CASI-LISTOS-CANDIDATOS-POR-PACHUCA-Facebook-Benjamin-Rico--1536x1024.jpg 1536w, https:\/\/plazajuarez.mx\/historico\/wp-content\/uploads\/2023\/06\/CASI-LISTOS-CANDIDATOS-POR-PACHUCA-Facebook-Benjamin-Rico--274x183.jpg 274w, https:\/\/plazajuarez.mx\/historico\/wp-content\/uploads\/2023\/06\/CASI-LISTOS-CANDIDATOS-POR-PACHUCA-Facebook-Benjamin-Rico--80x54.jpg 80w, https:\/\/plazajuarez.mx\/historico\/wp-content\/uploads\/2023\/06\/CASI-LISTOS-CANDIDATOS-POR-PACHUCA-Facebook-Benjamin-Rico--130x87.jpg 130w, https:\/\/plazajuarez.mx\/historico\/wp-content\/uploads\/2023\/06\/CASI-LISTOS-CANDIDATOS-POR-PACHUCA-Facebook-Benjamin-Rico--359x240.jpg 359w, https:\/\/plazajuarez.mx\/historico\/wp-content\/uploads\/2023\/06\/CASI-LISTOS-CANDIDATOS-POR-PACHUCA-Facebook-Benjamin-Rico--85x57.jpg 85w, https:\/\/plazajuarez.mx\/historico\/wp-content\/uploads\/2023\/06\/CASI-LISTOS-CANDIDATOS-POR-PACHUCA-Facebook-Benjamin-Rico--546x365.jpg 546w, https:\/\/plazajuarez.mx\/historico\/wp-content\/uploads\/2023\/06\/CASI-LISTOS-CANDIDATOS-POR-PACHUCA-Facebook-Benjamin-Rico--165x109.jpg 165w, https:\/\/plazajuarez.mx\/historico\/wp-content\/uploads\/2023\/06\/CASI-LISTOS-CANDIDATOS-POR-PACHUCA-Facebook-Benjamin-Rico--112x75.jpg 112w, https:\/\/plazajuarez.mx\/historico\/wp-content\/uploads\/2023\/06\/CASI-LISTOS-CANDIDATOS-POR-PACHUCA-Facebook-Benjamin-Rico--179x120.jpg 179w, https:\/\/plazajuarez.mx\/historico\/wp-content\/uploads\/2023\/06\/CASI-LISTOS-CANDIDATOS-POR-PACHUCA-Facebook-Benjamin-Rico--170x113.jpg 170w, https:\/\/plazajuarez.mx\/historico\/wp-content\/uploads\/2023\/06\/CASI-LISTOS-CANDIDATOS-POR-PACHUCA-Facebook-Benjamin-Rico--81x55.jpg 81w, https:\/\/plazajuarez.mx\/historico\/wp-content\/uploads\/2023\/06\/CASI-LISTOS-CANDIDATOS-POR-PACHUCA-Facebook-Benjamin-Rico--765x510.jpg 765w\" sizes=\"auto, (max-width: 2048px) 100vw, 2048px\" \/><\/figure>\n\n\n\n<hr class=\"wp-block-separator has-alpha-channel-opacity\"\/>\n\n\n\n<p><strong>Aviso para que no digan: Esta columna se nutre de comentarios recabados por agencias del Recontra-Espionaje, muy similares a las que populariz\u00f3 el \u201cS\u00faper Agente 86\u201d en sus tiempos. Como tal lo que publicamos puede que sea cierto, puede que no, o todo lo contrario. Est\u00e1 usted en libertad de creer o no lo que lee, recontra-enojarse, recontra- carcajearse y hasta recontra-recordarnos a nuestra jefecita (nosotros recontra-haremos lo propio). Avisado est\u00e1 usted.&nbsp;<\/strong><\/p>\n\n\n\n<p><strong>desexenterado@gmail.com @desexenterado&nbsp;<\/strong><\/p>\n","protected":false},"excerpt":{"rendered":"<p>SABIA VIRTUD, DE CONOCER EL TIEMPO. &#8211; Fue un poema de Renato Leduc, con m\u00fasica de Rub\u00e9n Fuentes. Se llama \u201cTiempo\u201d. \u201cComo dice el refr\u00e1n: dar tiempo al tiempo\u201d, dice en una parte fundamental el texto. Y en pol\u00edtica se aplica a plenitud: quien desconoce lo que ocasiona el tiempo, est\u00e1 condenado a cometer los [&hellip;]<\/p>\n","protected":false},"author":93,"featured_media":234681,"comment_status":"closed","ping_status":"closed","sticky":false,"template":"","format":"standard","meta":{"footnotes":""},"categories":[83],"tags":[],"class_list":["post-263679","post","type-post","status-publish","format-standard","has-post-thumbnail","hentry","category-dese-por-enterado"],"_links":{"self":[{"href":"https:\/\/plazajuarez.mx\/historico\/wp-json\/wp\/v2\/posts\/263679","targetHints":{"allow":["GET"]}}],"collection":[{"href":"https:\/\/plazajuarez.mx\/historico\/wp-json\/wp\/v2\/posts"}],"about":[{"href":"https:\/\/plazajuarez.mx\/historico\/wp-json\/wp\/v2\/types\/post"}],"author":[{"embeddable":true,"href":"https:\/\/plazajuarez.mx\/historico\/wp-json\/wp\/v2\/users\/93"}],"replies":[{"embeddable":true,"href":"https:\/\/plazajuarez.mx\/historico\/wp-json\/wp\/v2\/comments?post=263679"}],"version-history":[{"count":0,"href":"https:\/\/plazajuarez.mx\/historico\/wp-json\/wp\/v2\/posts\/263679\/revisions"}],"wp:featuredmedia":[{"embeddable":true,"href":"https:\/\/plazajuarez.mx\/historico\/wp-json\/wp\/v2\/media\/234681"}],"wp:attachment":[{"href":"https:\/\/plazajuarez.mx\/historico\/wp-json\/wp\/v2\/media?parent=263679"}],"wp:term":[{"taxonomy":"category","embeddable":true,"href":"https:\/\/plazajuarez.mx\/historico\/wp-json\/wp\/v2\/categories?post=263679"},{"taxonomy":"post_tag","embeddable":true,"href":"https:\/\/plazajuarez.mx\/historico\/wp-json\/wp\/v2\/tags?post=263679"}],"curies":[{"name":"wp","href":"https:\/\/api.w.org\/{rel}","templated":true}]}}